{"id":606,"date":"2023-04-21T15:09:19","date_gmt":"2023-04-21T15:09:19","guid":{"rendered":"http:\/\/www.ruralis.org\/?p=606"},"modified":"2023-04-21T15:12:14","modified_gmt":"2023-04-21T15:12:14","slug":"construir-o-movimento-da-agroecologia-em-portugal","status":"publish","type":"post","link":"https:\/\/www.ruralis.org\/en\/2023\/04\/construir-o-movimento-da-agroecologia-em-portugal\/","title":{"rendered":"Agroecologia em movimento em Portugal."},"content":{"rendered":"<p class=\"has-medium-font-size\">As novas ondas est\u00e3o crescendo! Somos felizer fazer parte da conversa e com muito vontade dar m\u00e3os, cabe\u00e7as e cora\u00e7\u00f5es ao este movimento. <br>Mais info sobre a programa <a href=\"https:\/\/dep.estgv.ipv.pt\/departamentos\/demgi\/2023\/04\/12\/escola-de-inverno-a-fugir-ipv-2023\/\" target=\"_blank\" rel=\"noreferrer noopener\">AQUI. <\/a><\/p>\n\n\n<div class=\"wp-block-image\">\n<figure class=\"aligncenter size-full\"><img loading=\"lazy\" decoding=\"async\" width=\"509\" height=\"720\" src=\"http:\/\/www.ruralis.org\/wp-content\/uploads\/2023\/04\/ProgramAPril2023.jpeg\" alt=\"\" class=\"wp-image-608\" srcset=\"https:\/\/www.ruralis.org\/wp-content\/uploads\/2023\/04\/ProgramAPril2023.jpeg 509w, https:\/\/www.ruralis.org\/wp-content\/uploads\/2023\/04\/ProgramAPril2023-212x300.jpeg 212w, https:\/\/www.ruralis.org\/wp-content\/uploads\/2023\/04\/ProgramAPril2023-8x12.jpeg 8w\" sizes=\"auto, (max-width: 509px) 100vw, 509px\" \/><\/figure>\n<\/div>","protected":false},"excerpt":{"rendered":"<p>As novas ondas est\u00e3o crescendo! Somos felizer fazer parte da conversa e com muito vontade dar m\u00e3os, cabe\u00e7as e cora\u00e7\u00f5es ao este movimento. Mais info sobre a programa AQUI.<\/p>","protected":false},"author":2,"featured_media":607,"comment_status":"open","ping_status":"open","sticky":false,"template":"","format":"standard","meta":{"footnotes":""},"categories":[1],"tags":[],"class_list":["post-606","post","type-post","status-publish","format-standard","has-post-thumbnail","hentry","category-uncategorized"],"_links":{"self":[{"href":"https:\/\/www.ruralis.org\/en\/wp-json\/wp\/v2\/posts\/606","targetHints":{"allow":["GET"]}}],"collection":[{"href":"https:\/\/www.ruralis.org\/en\/wp-json\/wp\/v2\/posts"}],"about":[{"href":"https:\/\/www.ruralis.org\/en\/wp-json\/wp\/v2\/types\/post"}],"author":[{"embeddable":true,"href":"https:\/\/www.ruralis.org\/en\/wp-json\/wp\/v2\/users\/2"}],"replies":[{"embeddable":true,"href":"https:\/\/www.ruralis.org\/en\/wp-json\/wp\/v2\/comments?post=606"}],"version-history":[{"count":0,"href":"https:\/\/www.ruralis.org\/en\/wp-json\/wp\/v2\/posts\/606\/revisions"}],"wp:featuredmedia":[{"embeddable":true,"href":"https:\/\/www.ruralis.org\/en\/wp-json\/wp\/v2\/media\/607"}],"wp:attachment":[{"href":"https:\/\/www.ruralis.org\/en\/wp-json\/wp\/v2\/media?parent=606"}],"wp:term":[{"taxonomy":"category","embeddable":true,"href":"https:\/\/www.ruralis.org\/en\/wp-json\/wp\/v2\/categories?post=606"},{"taxonomy":"post_tag","embeddable":true,"href":"https:\/\/www.ruralis.org\/en\/wp-json\/wp\/v2\/tags?post=606"}],"curies":[{"name":"wp","href":"https:\/\/api.w.org\/{rel}","templated":true}]}}