{"id":484,"date":"2023-09-06T22:30:00","date_gmt":"2023-09-06T22:30:00","guid":{"rendered":"http:\/\/www.ruralis.org\/?p=484"},"modified":"2023-09-19T16:53:01","modified_gmt":"2023-09-19T16:53:01","slug":"infancia-e-natureza-programa-eco-educativo","status":"publish","type":"post","link":"https:\/\/www.ruralis.org\/en\/2023\/09\/infancia-e-natureza-programa-eco-educativo\/","title":{"rendered":"Childhood and Nature"},"content":{"rendered":"<p class=\"has-medium-font-size\">RuralisAR and Cine Clube de Viseu started a programming partnership based on common interests in the field of environmental education and sustainability in rural areas. <br>O primeiro resultado desta parceria \u00e9 o programa \u201cInf\u00e2ncia e Ecologia\u201d, destinado a alunos do 3\u00ba ciclo e do Ensino Secund\u00e1rio, que inclui a exibi\u00e7\u00e3o do filme \u201c\u00c1guas do Pastaza\u201d, a 10 de outubro. Depois do filme havera uma conversa com a realizadora In\u00eas T. Alves.<\/p>\n\n\n\n<div class=\"wp-block-columns is-layout-flex wp-container-core-columns-is-layout-9d6595d7 wp-block-columns-is-layout-flex\">\n<div class=\"wp-block-column is-layout-flow wp-block-column-is-layout-flow\"><\/div>\n\n\n\n<div class=\"wp-block-column is-layout-flow wp-block-column-is-layout-flow\"><\/div>\n<\/div>\n\n\n\n<div class=\"wp-block-columns is-layout-flex wp-container-core-columns-is-layout-9d6595d7 wp-block-columns-is-layout-flex\">\n<div class=\"wp-block-column is-layout-flow wp-block-column-is-layout-flow\">\n<p class=\"has-medium-font-size\"><strong>THE FILM 'Waters of the Pastaza'<\/strong><br><br>Along the Pastaza river, between Ecuador and Peru, live the Achua people, in deep intimacy with the surrounding Amazon forest. the director&nbsp;<strong>In\u00eas T. Alves<\/strong>&nbsp;visited this community, filming the daily lives of its children: practically autonomous, fluent in fishing, cooking and handicrafts, they are representatives of an ancestral lifestyle, where modern times are slowly beginning to enter. \u2192&nbsp;<a rel=\"noreferrer noopener\" href=\"https:\/\/youtu.be\/qAujtslDWNY\" target=\"_blank\">Trailer<\/a><\/p>\n\n\n\n<p><strong>\u2192\u00a0Session at the IPDJ-Viseu Auditorium&nbsp;<\/strong><a rel=\"noreferrer noopener\" href=\"https:\/\/goo.gl\/maps\/HJFfY32UDoXjrTk59\" target=\"_blank\">(Google Maps)<\/a><br><strong>\u2192 Schedule: 10:00 am \/ 2:00 pm, possible to schedule with the registered classes<\/strong><br>\u2192&nbsp;<strong>Means of transport to the Auditorium? On foot, of course! 15 minutes from Rossio\ud83e\udd47\ud83c\udfc3\u200d\u2640\ufe0f<\/strong><\/p>\n\n\n\n<p><strong>Signing up for the film \u2192\u00a0<\/strong><em>geral@cineclubeviseu.pt<\/em> \/ <em>232 432 760<\/em><br><strong>Costs of participation \u2192\u00a0<\/strong><em>2eur \/ student<\/em><br><strong>More information \u2192\u00a0<\/strong><a href=\"https:\/\/vistacurta.pt\/destaques\/programa-para-escolas.html?fbclid=IwAR36WVCrSkc0sCfsbDmnptH9LF4AHTP78MDZWAPMCwtzvltZY6Ov1gtASeA\">vistacurta.pt<\/a><\/p>\n<\/div>\n\n\n\n<div class=\"wp-block-column is-layout-flow wp-block-column-is-layout-flow\">\n<p class=\"has-medium-font-size\"><\/p>\n\n\n\n<figure class=\"wp-block-image size-large\"><img loading=\"lazy\" decoding=\"async\" width=\"819\" height=\"1024\" src=\"http:\/\/www.ruralis.org\/wp-content\/uploads\/2023\/09\/Escolas_promo_01-819x1024.jpg\" alt=\"\" class=\"wp-image-877\" srcset=\"https:\/\/www.ruralis.org\/wp-content\/uploads\/2023\/09\/Escolas_promo_01-819x1024.jpg 819w, https:\/\/www.ruralis.org\/wp-content\/uploads\/2023\/09\/Escolas_promo_01-240x300.jpg 240w, https:\/\/www.ruralis.org\/wp-content\/uploads\/2023\/09\/Escolas_promo_01-768x960.jpg 768w, https:\/\/www.ruralis.org\/wp-content\/uploads\/2023\/09\/Escolas_promo_01-10x12.jpg 10w, https:\/\/www.ruralis.org\/wp-content\/uploads\/2023\/09\/Escolas_promo_01.jpg 1200w\" sizes=\"auto, (max-width: 819px) 100vw, 819px\" \/><\/figure>\n<\/div>\n<\/div>\n\n\n\n<h2 class=\"wp-block-heading\"><\/h2>\n\n\n\n<p><\/p>","protected":false},"excerpt":{"rendered":"<p>A RuralisAR e o Cine Clube de Viseu deram in\u00edcio a uma parceria de programa\u00e7\u00e3o baseada em interesses comuns no \u00e2mbito da educa\u00e7\u00e3o ambiental e da sustentabilidade em \u00e1reas rurais.&hellip;<\/p>","protected":false},"author":2,"featured_media":492,"comment_status":"open","ping_status":"open","sticky":false,"template":"","format":"standard","meta":{"footnotes":""},"categories":[6,11],"tags":[],"class_list":["post-484","post","type-post","status-publish","format-standard","has-post-thumbnail","hentry","category-eco-regiao-do-dao","category-educacao-ambiental"],"_links":{"self":[{"href":"https:\/\/www.ruralis.org\/en\/wp-json\/wp\/v2\/posts\/484","targetHints":{"allow":["GET"]}}],"collection":[{"href":"https:\/\/www.ruralis.org\/en\/wp-json\/wp\/v2\/posts"}],"about":[{"href":"https:\/\/www.ruralis.org\/en\/wp-json\/wp\/v2\/types\/post"}],"author":[{"embeddable":true,"href":"https:\/\/www.ruralis.org\/en\/wp-json\/wp\/v2\/users\/2"}],"replies":[{"embeddable":true,"href":"https:\/\/www.ruralis.org\/en\/wp-json\/wp\/v2\/comments?post=484"}],"version-history":[{"count":0,"href":"https:\/\/www.ruralis.org\/en\/wp-json\/wp\/v2\/posts\/484\/revisions"}],"wp:featuredmedia":[{"embeddable":true,"href":"https:\/\/www.ruralis.org\/en\/wp-json\/wp\/v2\/media\/492"}],"wp:attachment":[{"href":"https:\/\/www.ruralis.org\/en\/wp-json\/wp\/v2\/media?parent=484"}],"wp:term":[{"taxonomy":"category","embeddable":true,"href":"https:\/\/www.ruralis.org\/en\/wp-json\/wp\/v2\/categories?post=484"},{"taxonomy":"post_tag","embeddable":true,"href":"https:\/\/www.ruralis.org\/en\/wp-json\/wp\/v2\/tags?post=484"}],"curies":[{"name":"wp","href":"https:\/\/api.w.org\/{rel}","templated":true}]}}