{"id":1358,"date":"2026-04-28T14:56:28","date_gmt":"2026-04-28T14:56:28","guid":{"rendered":"https:\/\/www.ruralis.org\/?p=1358"},"modified":"2026-04-28T15:17:07","modified_gmt":"2026-04-28T15:17:07","slug":"encontro-primavera-14-marco-2026","status":"publish","type":"post","link":"https:\/\/www.ruralis.org\/en\/2026\/04\/encontro-primavera-14-marco-2026\/","title":{"rendered":"Encontro Primavera 14 Mar\u00e7o 2026"},"content":{"rendered":"<div class=\"wp-block-image\">\n<figure class=\"aligncenter size-full\"><img loading=\"lazy\" decoding=\"async\" width=\"1413\" height=\"1247\" src=\"https:\/\/www.ruralis.org\/wp-content\/uploads\/2026\/04\/Copia-de-Trocasementes1-2-e1777388977138.jpg\" alt=\"\" class=\"wp-image-1359\" srcset=\"https:\/\/www.ruralis.org\/wp-content\/uploads\/2026\/04\/Copia-de-Trocasementes1-2-e1777388977138.jpg 1413w, https:\/\/www.ruralis.org\/wp-content\/uploads\/2026\/04\/Copia-de-Trocasementes1-2-e1777388977138-300x265.jpg 300w, https:\/\/www.ruralis.org\/wp-content\/uploads\/2026\/04\/Copia-de-Trocasementes1-2-e1777388977138-1024x904.jpg 1024w, https:\/\/www.ruralis.org\/wp-content\/uploads\/2026\/04\/Copia-de-Trocasementes1-2-e1777388977138-768x678.jpg 768w, https:\/\/www.ruralis.org\/wp-content\/uploads\/2026\/04\/Copia-de-Trocasementes1-2-e1777388977138-14x12.jpg 14w\" sizes=\"auto, (max-width: 1413px) 100vw, 1413px\" \/><\/figure>\n<\/div>\n\n\n<p>Sejam bem-vind@s ao Encontro Primavera para um momento de partilhas com outras pessoas e iniciativas da regi\u00e3o do D\u00e3o que sonham e agem para uma cultura mais regenerativa e que respeitam o meio ambiente nas suas atividades. Este ser\u00e1 um momento para facilitar a proximidade entre n\u00f3s e fortalecer as nossas liga\u00e7\u00f5es, ideias e a\u00e7\u00f5es para um desenvolvimento regional mais sustent\u00e1vel.<\/p>\n\n\n\n<p>Para trazer: plantas, sementes e\/ou outros produtos da terra que podes trocar ou partilhar, algo para beber ou comer no lanche e a vontade de partilhar os projetos e ideias que queres ver crescer em 2026.<br>Ser\u00e1s tamb\u00e9m bem-vindo quem n\u00e3o tem produtos da terra para partilhar!<\/p>","protected":false},"excerpt":{"rendered":"<p>Sejam bem-vind@s ao Encontro Primavera para um momento de partilhas com outras pessoas e iniciativas da regi\u00e3o do D\u00e3o que sonham e agem para uma cultura mais regenerativa e que&hellip;<\/p>","protected":false},"author":2,"featured_media":1361,"comment_status":"open","ping_status":"open","sticky":false,"template":"","format":"standard","meta":{"footnotes":""},"categories":[6],"tags":[5,14],"class_list":["post-1358","post","type-post","status-publish","format-standard","has-post-thumbnail","hentry","category-eco-regiao-do-dao","tag-networking","tag-rural-regeneration"],"_links":{"self":[{"href":"https:\/\/www.ruralis.org\/en\/wp-json\/wp\/v2\/posts\/1358","targetHints":{"allow":["GET"]}}],"collection":[{"href":"https:\/\/www.ruralis.org\/en\/wp-json\/wp\/v2\/posts"}],"about":[{"href":"https:\/\/www.ruralis.org\/en\/wp-json\/wp\/v2\/types\/post"}],"author":[{"embeddable":true,"href":"https:\/\/www.ruralis.org\/en\/wp-json\/wp\/v2\/users\/2"}],"replies":[{"embeddable":true,"href":"https:\/\/www.ruralis.org\/en\/wp-json\/wp\/v2\/comments?post=1358"}],"version-history":[{"count":0,"href":"https:\/\/www.ruralis.org\/en\/wp-json\/wp\/v2\/posts\/1358\/revisions"}],"wp:featuredmedia":[{"embeddable":true,"href":"https:\/\/www.ruralis.org\/en\/wp-json\/wp\/v2\/media\/1361"}],"wp:attachment":[{"href":"https:\/\/www.ruralis.org\/en\/wp-json\/wp\/v2\/media?parent=1358"}],"wp:term":[{"taxonomy":"category","embeddable":true,"href":"https:\/\/www.ruralis.org\/en\/wp-json\/wp\/v2\/categories?post=1358"},{"taxonomy":"post_tag","embeddable":true,"href":"https:\/\/www.ruralis.org\/en\/wp-json\/wp\/v2\/tags?post=1358"}],"curies":[{"name":"wp","href":"https:\/\/api.w.org\/{rel}","templated":true}]}}