{"id":1173,"date":"2025-06-02T15:34:00","date_gmt":"2025-06-02T15:34:00","guid":{"rendered":"http:\/\/www.ruralis.org\/?p=1173"},"modified":"2025-08-07T20:46:54","modified_gmt":"2025-08-07T20:46:54","slug":"programa-primafeira-2025","status":"publish","type":"post","link":"https:\/\/www.ruralis.org\/en\/2025\/06\/programa-primafeira-2025\/","title":{"rendered":"PrimaFeira Program ~ June 22 2025"},"content":{"rendered":"<div class=\"wp-block-image\">\n<figure class=\"aligncenter size-large is-resized\"><img loading=\"lazy\" decoding=\"async\" width=\"724\" height=\"1024\" src=\"http:\/\/www.ruralis.org\/wp-content\/uploads\/2025\/06\/Programa_Final-724x1024.jpg\" alt=\"\" class=\"wp-image-1327\" style=\"width:840px;height:auto\" srcset=\"https:\/\/www.ruralis.org\/wp-content\/uploads\/2025\/06\/Programa_Final-724x1024.jpg 724w, https:\/\/www.ruralis.org\/wp-content\/uploads\/2025\/06\/Programa_Final-212x300.jpg 212w, https:\/\/www.ruralis.org\/wp-content\/uploads\/2025\/06\/Programa_Final-768x1086.jpg 768w, https:\/\/www.ruralis.org\/wp-content\/uploads\/2025\/06\/Programa_Final-8x12.jpg 8w, https:\/\/www.ruralis.org\/wp-content\/uploads\/2025\/06\/Programa_Final-scaled.jpg 1810w\" sizes=\"auto, (max-width: 724px) 100vw, 724px\" \/><\/figure>\n<\/div>\n\n\n<h1 class=\"wp-block-heading has-text-align-center has-electric-grass-gradient-background has-background\">~ Activities ~ <em>Connect with the water ~<\/em> ~<\/h1>\n\n\n\n<div class=\"wp-block-columns is-layout-flex wp-container-core-columns-is-layout-9d6595d7 wp-block-columns-is-layout-flex\">\n<div class=\"wp-block-column is-layout-flow wp-block-column-is-layout-flow\">\n<figure class=\"wp-block-image size-full is-resized\"><img loading=\"lazy\" decoding=\"async\" width=\"414\" height=\"414\" src=\"http:\/\/www.ruralis.org\/wp-content\/uploads\/2025\/06\/SilviaWaterHand.jpeg\" alt=\"\" class=\"wp-image-1192\" style=\"width:306px;height:auto\" srcset=\"https:\/\/www.ruralis.org\/wp-content\/uploads\/2025\/06\/SilviaWaterHand.jpeg 414w, https:\/\/www.ruralis.org\/wp-content\/uploads\/2025\/06\/SilviaWaterHand-300x300.jpeg 300w, https:\/\/www.ruralis.org\/wp-content\/uploads\/2025\/06\/SilviaWaterHand-150x150.jpeg 150w, https:\/\/www.ruralis.org\/wp-content\/uploads\/2025\/06\/SilviaWaterHand-12x12.jpeg 12w\" sizes=\"auto, (max-width: 414px) 100vw, 414px\" \/><figcaption class=\"wp-element-caption\"><strong>Botanical Walk along the banks of the D\u00e3o River, <\/strong><br>com <a href=\"https:\/\/www.instagram.com\/_silvia_martins__\/\" target=\"_blank\" rel=\"noreferrer noopener\">Silvia Martins<\/a> with Silvia Martins, biologist specialized in aquatic and riparian plants. <br><br>Did you know that aquatic and riparian plants help purify water, protect riverbanks and provide shelter for wildlife? Come and meet these guardians of rivers and discover their vital role in the balance of nature! See, learn and be inspired by nature \u2013 join us!<br><br>Times: <br>1st walk: 12h<br>2nd walk: 15h (if there are more than 15 entries for the first group)<br>Max. 15 participants per walk<br>Starting point: Ruralisar Stand<br><em>Este atividade \u00e9 patrocinada pela <a href=\"https:\/\/spbotanica.pt\/\" target=\"_blank\" rel=\"noreferrer noopener\">Sociedade Portuguesa de Bot\u00e2nica.<\/a><\/em><\/figcaption><\/figure>\n<\/div>\n\n\n\n<div class=\"wp-block-column is-layout-flow wp-block-column-is-layout-flow\">\n<figure class=\"wp-block-image size-full\"><img loading=\"lazy\" decoding=\"async\" width=\"1684\" height=\"1162\" src=\"http:\/\/www.ruralis.org\/wp-content\/uploads\/2025\/06\/PaintingOutside.jpg\" alt=\"\" class=\"wp-image-1261\" srcset=\"https:\/\/www.ruralis.org\/wp-content\/uploads\/2025\/06\/PaintingOutside.jpg 1684w, https:\/\/www.ruralis.org\/wp-content\/uploads\/2025\/06\/PaintingOutside-300x207.jpg 300w, https:\/\/www.ruralis.org\/wp-content\/uploads\/2025\/06\/PaintingOutside-1024x707.jpg 1024w, https:\/\/www.ruralis.org\/wp-content\/uploads\/2025\/06\/PaintingOutside-768x530.jpg 768w, https:\/\/www.ruralis.org\/wp-content\/uploads\/2025\/06\/PaintingOutside-1536x1060.jpg 1536w, https:\/\/www.ruralis.org\/wp-content\/uploads\/2025\/06\/PaintingOutside-18x12.jpg 18w\" sizes=\"auto, (max-width: 1684px) 100vw, 1684px\" \/><figcaption class=\"wp-element-caption\"><br><strong>Be like water ~ Creation of a collective art piece.<\/strong><br><br><strong>Times:<\/strong> Das <strong>11h<\/strong> \u00e0s <strong>18h<\/strong><br><strong>Location:<\/strong> under the Roman bridge.<br><br>Immerse yourself in an inspired experience where water is the protagonist! We invite you to reflect on your personal relationship with this vital element and to express your ideas through art. Participate in the creation of a collective work of art, integrating your works into a larger piece.<br><br><strong>Facilitated by:<\/strong>: <a href=\"https:\/\/faisca.net\/\" target=\"_blank\" rel=\"noreferrer noopener\">Mar Faisca<\/a> e <a href=\"https:\/\/www.instagram.com\/outrosmundos_\/\" target=\"_blank\" rel=\"noreferrer noopener\">Celina Quaresma<\/a>.<br><br><br><\/figcaption><\/figure>\n<\/div>\n<\/div>\n\n\n\n<div class=\"wp-block-columns is-layout-flex wp-container-core-columns-is-layout-9d6595d7 wp-block-columns-is-layout-flex\">\n<div class=\"wp-block-column is-layout-flow wp-block-column-is-layout-flow\">\n<figure class=\"wp-block-image size-full is-resized\"><img loading=\"lazy\" decoding=\"async\" width=\"189\" height=\"267\" src=\"http:\/\/www.ruralis.org\/wp-content\/uploads\/2025\/06\/WaterisLove2.jpg\" alt=\"\" class=\"wp-image-1255\" style=\"width:306px;height:auto\" srcset=\"https:\/\/www.ruralis.org\/wp-content\/uploads\/2025\/06\/WaterisLove2.jpg 189w, https:\/\/www.ruralis.org\/wp-content\/uploads\/2025\/06\/WaterisLove2-8x12.jpg 8w\" sizes=\"auto, (max-width: 189px) 100vw, 189px\" \/><figcaption class=\"wp-element-caption\"><strong><a href=\"https:\/\/www.waterislovefilm.org\/\" data-type=\"link\" data-id=\"https:\/\/www.waterislovefilm.org\/\">Document\u00e1rio &#8220;Water is Love<\/a>&#8220;<\/strong> <br>Time: every hour from 11am to 7pm <br><br>\u201cWater is Love\u201d follows a group of young people fighting the climate crisis as we travel the world to share inspiring stories of regenerative ecosystem design to create water retention in communities, towns and regions.<br>We cover traditional ecological knowledge, how water creates climate, and the importance of restoring complete water cycles.<\/figcaption><\/figure>\n<\/div>\n\n\n\n<div class=\"wp-block-column is-layout-flow wp-block-column-is-layout-flow\">\n<figure class=\"wp-block-image size-full is-resized\"><a href=\"https:\/\/aciclos.org\/\" target=\"_blank\" rel=\" noreferrer noopener\"><img loading=\"lazy\" decoding=\"async\" width=\"2560\" height=\"2253\" src=\"http:\/\/www.ruralis.org\/wp-content\/uploads\/2025\/06\/CiclosImage-scaled.jpg\" alt=\"\" class=\"wp-image-1298\" style=\"width:343px;height:auto\" srcset=\"https:\/\/www.ruralis.org\/wp-content\/uploads\/2025\/06\/CiclosImage-scaled.jpg 2560w, https:\/\/www.ruralis.org\/wp-content\/uploads\/2025\/06\/CiclosImage-300x264.jpg 300w, https:\/\/www.ruralis.org\/wp-content\/uploads\/2025\/06\/CiclosImage-1024x901.jpg 1024w, https:\/\/www.ruralis.org\/wp-content\/uploads\/2025\/06\/CiclosImage-768x676.jpg 768w, https:\/\/www.ruralis.org\/wp-content\/uploads\/2025\/06\/CiclosImage-1536x1352.jpg 1536w, https:\/\/www.ruralis.org\/wp-content\/uploads\/2025\/06\/CiclosImage-2048x1803.jpg 2048w, https:\/\/www.ruralis.org\/wp-content\/uploads\/2025\/06\/CiclosImage-14x12.jpg 14w\" sizes=\"auto, (max-width: 2560px) 100vw, 2560px\" \/><\/a><figcaption class=\"wp-element-caption\"><br><strong>Discovery Route ~ The Vital Element.<\/strong><br><em>An activity for all ages.<\/em><br>Time: 11am to 6pm<br><br>Can you find me? I am maaaaannnnny millions of years old, always with the same total quantity. I circulate on this planet Earth in different places, sometimes I am visible, sometimes not. Who am I?<br><br>We invite you to solve the enigma through the clues of this discovery route. Along the way, you will be able to decipher the enigma, enjoy experiences and discover with your senses who and where the vital element is. At the end of the route, we invite you to leave your own written or visual messages in response to your experience.<br><br>Come join us! We're counting on you!<br><br><br><\/figcaption><\/figure>\n<\/div>\n<\/div>\n\n\n\n<div class=\"wp-block-columns is-layout-flex wp-container-core-columns-is-layout-9d6595d7 wp-block-columns-is-layout-flex\">\n<div class=\"wp-block-column is-layout-flow wp-block-column-is-layout-flow\">\n<figure class=\"wp-block-image size-full is-resized\"><a href=\"https:\/\/www.cienciavitae.pt\/A01C-64F8-D68E\" target=\"_blank\" rel=\" noreferrer noopener\"><img loading=\"lazy\" decoding=\"async\" width=\"1080\" height=\"1094\" src=\"http:\/\/www.ruralis.org\/wp-content\/uploads\/2025\/06\/RuiS.jpeg\" alt=\"\" class=\"wp-image-1196\" style=\"width:306px;height:auto\" srcset=\"https:\/\/www.ruralis.org\/wp-content\/uploads\/2025\/06\/RuiS.jpeg 1080w, https:\/\/www.ruralis.org\/wp-content\/uploads\/2025\/06\/RuiS-296x300.jpeg 296w, https:\/\/www.ruralis.org\/wp-content\/uploads\/2025\/06\/RuiS-1011x1024.jpeg 1011w, https:\/\/www.ruralis.org\/wp-content\/uploads\/2025\/06\/RuiS-768x778.jpeg 768w, https:\/\/www.ruralis.org\/wp-content\/uploads\/2025\/06\/RuiS-12x12.jpeg 12w\" sizes=\"auto, (max-width: 1080px) 100vw, 1080px\" \/><\/a><figcaption class=\"wp-element-caption\"><br><strong>Riverside Conversations with Rui S\u00e1.<br><\/strong>Hours: 11:30am \u2013 1pm and 2pm \u2013 5pm<br>Location: below the Ashes.<br><br><strong><em>What does the D\u00e3o River mean in your imagination and heart? &nbsp;<\/em><\/strong><br><br>Join anthropologist Rui S\u00e1 at the table to talk about the D\u00e3o River. Share your memories, impressions and sensations so that together we can understand the intricate web of meanings that the river offers.<br><br><a href=\"https:\/\/www.cienciavitae.pt\/A01C-64F8-D68E\" data-type=\"link\" data-id=\"https:\/\/www.cienciavitae.pt\/A01C-64F8-D68E\">Rui S\u00e1 <\/a>Rui S\u00e1 is an anthropologist and assistant professor at the Higher Institute of Social and Political Sciences of the University of Lisbon. As a researcher, he is a member of the Center for Administration and Public Policies and coordinator of the research group: Communication, Culture and Representations.<br><br><\/figcaption><\/figure>\n<\/div>\n\n\n\n<div class=\"wp-block-column is-layout-flow wp-block-column-is-layout-flow\">\n<figure class=\"wp-block-image size-full\"><img loading=\"lazy\" decoding=\"async\" width=\"708\" height=\"400\" src=\"http:\/\/www.ruralis.org\/wp-content\/uploads\/2025\/06\/water-movement.jpeg\" alt=\"\" class=\"wp-image-1258\" srcset=\"https:\/\/www.ruralis.org\/wp-content\/uploads\/2025\/06\/water-movement.jpeg 708w, https:\/\/www.ruralis.org\/wp-content\/uploads\/2025\/06\/water-movement-300x169.jpeg 300w, https:\/\/www.ruralis.org\/wp-content\/uploads\/2025\/06\/water-movement-18x10.jpeg 18w\" sizes=\"auto, (max-width: 708px) 100vw, 708px\" \/><figcaption class=\"wp-element-caption\"><br><strong><strong>Poems for water.&nbsp;<\/strong><br><br><\/strong>Hours: 11h - 18h<br><br>Sit, breathe and let your inner poetry flow! Write a message to the water and allow yourself to dive into the previous messages!<br><br>At a table with a typewriter and a roll of paper, we will write a poem together that will be read at the end of the event.<br><br>Facilitated in partnership with Catarina from <a href=\"https:\/\/www.instagram.com\/gansomanso.ac\/\" target=\"_blank\" rel=\"noreferrer noopener\">Associa\u00e7\u00e3o Cultural Ganso Manso<\/a>.<\/figcaption><\/figure>\n<\/div>\n<\/div>\n\n\n\n<figure class=\"wp-block-image size-large is-resized\"><a href=\"https:\/\/www.estgv.ipv.pt\/estgv\/?v=93\" target=\"_blank\" rel=\" noreferrer noopener\"><img loading=\"lazy\" decoding=\"async\" width=\"1024\" height=\"469\" src=\"http:\/\/www.ruralis.org\/wp-content\/uploads\/2025\/06\/H2O-Octobono-Azul-logo-1024x469.png\" alt=\"\" class=\"wp-image-1314\" style=\"width:327px;height:auto\" srcset=\"https:\/\/www.ruralis.org\/wp-content\/uploads\/2025\/06\/H2O-Octobono-Azul-logo-1024x469.png 1024w, https:\/\/www.ruralis.org\/wp-content\/uploads\/2025\/06\/H2O-Octobono-Azul-logo-300x137.png 300w, https:\/\/www.ruralis.org\/wp-content\/uploads\/2025\/06\/H2O-Octobono-Azul-logo-768x352.png 768w, https:\/\/www.ruralis.org\/wp-content\/uploads\/2025\/06\/H2O-Octobono-Azul-logo-1536x703.png 1536w, https:\/\/www.ruralis.org\/wp-content\/uploads\/2025\/06\/H2O-Octobono-Azul-logo-18x8.png 18w, https:\/\/www.ruralis.org\/wp-content\/uploads\/2025\/06\/H2O-Octobono-Azul-logo.png 1806w\" sizes=\"auto, (max-width: 1024px) 100vw, 1024px\" \/><\/a><figcaption class=\"wp-element-caption\"><br><strong>On the Banks of the D\u00e3o: Science to Understand the Water that Surrounds Us <br><br><\/strong>Come and learn about the H2Octogno Azul Project: monitoring and evaluating the water quality of a river, measuring pollution levels, including the impacts on the community through which it flows. Come and learn with us a methodology that was applied when monitoring water quality within the scope of the POLIS Program by researchers from the IPV Environment Department.<br><strong><br><\/strong>This activity aims to work on the Sustainable Development Goals (SDGs), mainly articulating with the 4th \u2013 Quality education, 6th \u2013 Water and sanitation, 13th \u2013 Combating climate change and 14th \u2013 Oceans, seas and marine resources.<\/figcaption><\/figure>\n\n\n\n<p><\/p>\n\n\n\n<h1 class=\"wp-block-heading has-text-align-center has-electric-grass-gradient-background has-background\">~ <mark style=\"background-color:rgba(0, 0, 0, 0)\" class=\"has-inline-color has-black-color\">Music and Dancing <\/mark>~<\/h1>\n\n\n\n<div class=\"wp-block-columns is-layout-flex wp-container-core-columns-is-layout-9d6595d7 wp-block-columns-is-layout-flex\">\n<div class=\"wp-block-column is-layout-flow wp-block-column-is-layout-flow\">\n<figure class=\"wp-block-image size-full is-resized\"><a href=\"https:\/\/miguelmcordeiro.bandcamp.com\/\" target=\"_blank\" rel=\" noreferrer noopener\"><img loading=\"lazy\" decoding=\"async\" width=\"120\" height=\"120\" src=\"http:\/\/www.ruralis.org\/wp-content\/uploads\/2025\/06\/Miguel-Cordeiro.jpeg\" alt=\"\" class=\"wp-image-1190\" style=\"width:306px;height:auto\" srcset=\"https:\/\/www.ruralis.org\/wp-content\/uploads\/2025\/06\/Miguel-Cordeiro.jpeg 120w, https:\/\/www.ruralis.org\/wp-content\/uploads\/2025\/06\/Miguel-Cordeiro-12x12.jpeg 12w\" sizes=\"auto, (max-width: 120px) 100vw, 120px\" \/><\/a><figcaption class=\"wp-element-caption\"><br><strong>17h00 ao vivo ~ Miguel Cordeiro<\/strong><br>Performs his album Umbigo.<br>Guitar and voice. <br><br>Miguel Cordeiro is a singer-songwriter from Tondela who found his poetic nest in Coimbra. From his wonderful voice to his lyrical sensitivity, his songs balance the surprisingness of the contemporary with the comfort of the traditional.<br><em>By Lia Cachim<\/em><br><br><mark style=\"background-color:rgba(0, 0, 0, 0)\" class=\"has-inline-color has-vivid-cyan-blue-color\"><\/mark><\/figcaption><\/figure>\n<\/div>\n\n\n\n<div class=\"wp-block-column is-layout-flow wp-block-column-is-layout-flow\">\n<figure class=\"wp-block-image size-full is-resized\"><img loading=\"lazy\" decoding=\"async\" width=\"453\" height=\"421\" src=\"http:\/\/www.ruralis.org\/wp-content\/uploads\/2025\/06\/Ernesto.jpeg\" alt=\"\" class=\"wp-image-1189\" style=\"width:308px;height:auto\" srcset=\"https:\/\/www.ruralis.org\/wp-content\/uploads\/2025\/06\/Ernesto.jpeg 453w, https:\/\/www.ruralis.org\/wp-content\/uploads\/2025\/06\/Ernesto-300x279.jpeg 300w, https:\/\/www.ruralis.org\/wp-content\/uploads\/2025\/06\/Ernesto-13x12.jpeg 13w\" sizes=\"auto, (max-width: 453px) 100vw, 453px\" \/><figcaption class=\"wp-element-caption\"><br><strong>19h00<\/strong> ~ <strong>We dance to Afro-Latin Music. <\/strong><br>with dance teacher Ernesto Acosta.<br><br>Ernesto Acosta is from Caracas, Venezuela and has a background in classical, jazz and modern ballet. He began his career at the Teresa Carre\u00f1o Theatre Ballet, performing internationally. He has lived in Porto since 1992, where he was a dancer and teacher at the Porto Theatre Ballet. In 1994, he founded the Sabor Latino School with Gra\u00e7a Pinto, the first school dedicated to Latin American dance in Portugal. He has appeared on several television programmes (RTP, SIC, TVI).<br><br>He worked as a teacher at the Afrolatinconnection Company and in projects for the elderly (Dancing for Life \u2013 Porto Lazer). He taught Jazz Dance for more than ten years at Escola Lugar Presente (Viseu), where he currently teaches Classical and Modern Dance in artistic education. <a href=\"https:\/\/www.lugarpresente.com\/\">Escola Lugar Presente (Viseu)<\/a>, onde atualmente ensina Dan\u00e7a Cl\u00e1ssica e Moderna no ensino art\u00edstico.<\/figcaption><\/figure>\n<\/div>\n<\/div>\n\n\n\n<div class=\"wp-block-columns is-layout-flex wp-container-core-columns-is-layout-9d6595d7 wp-block-columns-is-layout-flex\">\n<div class=\"wp-block-column is-layout-flow wp-block-column-is-layout-flow\">\n<figure class=\"wp-block-image size-full is-resized\"><img loading=\"lazy\" decoding=\"async\" width=\"497\" height=\"480\" src=\"http:\/\/www.ruralis.org\/wp-content\/uploads\/2025\/06\/BoyzDancing.jpg\" alt=\"\" class=\"wp-image-1310\" style=\"width:300px;height:auto\" srcset=\"https:\/\/www.ruralis.org\/wp-content\/uploads\/2025\/06\/BoyzDancing.jpg 497w, https:\/\/www.ruralis.org\/wp-content\/uploads\/2025\/06\/BoyzDancing-300x290.jpg 300w, https:\/\/www.ruralis.org\/wp-content\/uploads\/2025\/06\/BoyzDancing-12x12.jpg 12w\" sizes=\"auto, (max-width: 497px) 100vw, 497px\" \/><figcaption class=\"wp-element-caption\"><br><strong>Dj com Fus\u00e3o <\/strong><br><strong>16h30<\/strong><br><br>Around the world in 80 rhythms, with multi-ethnic groove and rebellious folklore.<\/figcaption><\/figure>\n<\/div>\n\n\n\n<div class=\"wp-block-column is-layout-flow wp-block-column-is-layout-flow\">\n<figure class=\"wp-block-image size-full is-resized\"><a href=\"https:\/\/www.instagram.com\/sabor_de_kalima\/\" target=\"_blank\" rel=\" noreferrer noopener\"><img loading=\"lazy\" decoding=\"async\" width=\"1080\" height=\"1080\" src=\"http:\/\/www.ruralis.org\/wp-content\/uploads\/2025\/06\/Kalima.jpeg\" alt=\"\" class=\"wp-image-1194\" style=\"width:293px;height:auto\" srcset=\"https:\/\/www.ruralis.org\/wp-content\/uploads\/2025\/06\/Kalima.jpeg 1080w, https:\/\/www.ruralis.org\/wp-content\/uploads\/2025\/06\/Kalima-300x300.jpeg 300w, https:\/\/www.ruralis.org\/wp-content\/uploads\/2025\/06\/Kalima-1024x1024.jpeg 1024w, https:\/\/www.ruralis.org\/wp-content\/uploads\/2025\/06\/Kalima-150x150.jpeg 150w, https:\/\/www.ruralis.org\/wp-content\/uploads\/2025\/06\/Kalima-768x768.jpeg 768w, https:\/\/www.ruralis.org\/wp-content\/uploads\/2025\/06\/Kalima-12x12.jpeg 12w\" sizes=\"auto, (max-width: 1080px) 100vw, 1080px\" \/><\/a><figcaption class=\"wp-element-caption\"><br><strong>18h00 Live - Sabor de Kalima<\/strong><br><br>Sabor de Kalima is a musical project with various flavors, including Argentine Tango, Fado Bossanova, Rumba, Italian Poetry and other sources of inspiration. <\/figcaption><\/figure>\n<\/div>\n<\/div>\n\n\n\n<h1 class=\"wp-block-heading has-text-align-center has-background\" style=\"background:linear-gradient(135deg,rgba(102,200,250,0.43) 0%,rgb(248,137,137) 50%,rgb(251,105,191) 100%)\">~ Gastronomy ~<\/h1>\n\n\n\n<div class=\"wp-block-columns is-layout-flex wp-container-core-columns-is-layout-9d6595d7 wp-block-columns-is-layout-flex\">\n<div class=\"wp-block-column is-layout-flow wp-block-column-is-layout-flow\">\n<figure class=\"wp-block-image size-medium is-resized\"><a href=\"https:\/\/www.instagram.com\/grao.feliz\/\" target=\"_blank\" rel=\" noreferrer noopener\"><img loading=\"lazy\" decoding=\"async\" width=\"252\" height=\"300\" src=\"http:\/\/www.ruralis.org\/wp-content\/uploads\/2023\/05\/Captura-de-ecra-2020-07-30-as-16.48.34-252x300.png\" alt=\"\" class=\"wp-image-702\" style=\"width:192px;height:auto\" srcset=\"https:\/\/www.ruralis.org\/wp-content\/uploads\/2023\/05\/Captura-de-ecra-2020-07-30-as-16.48.34-252x300.png 252w, https:\/\/www.ruralis.org\/wp-content\/uploads\/2023\/05\/Captura-de-ecra-2020-07-30-as-16.48.34-861x1024.png 861w, https:\/\/www.ruralis.org\/wp-content\/uploads\/2023\/05\/Captura-de-ecra-2020-07-30-as-16.48.34-768x913.png 768w, https:\/\/www.ruralis.org\/wp-content\/uploads\/2023\/05\/Captura-de-ecra-2020-07-30-as-16.48.34-1291x1536.png 1291w, https:\/\/www.ruralis.org\/wp-content\/uploads\/2023\/05\/Captura-de-ecra-2020-07-30-as-16.48.34-10x12.png 10w, https:\/\/www.ruralis.org\/wp-content\/uploads\/2023\/05\/Captura-de-ecra-2020-07-30-as-16.48.34.png 1510w\" sizes=\"auto, (max-width: 252px) 100vw, 252px\" \/><\/a><figcaption class=\"wp-element-caption\">Healthy food with plant-based ingredients.<\/figcaption><\/figure>\n<\/div>\n\n\n\n<div class=\"wp-block-column is-vertically-aligned-top is-layout-flow wp-block-column-is-layout-flow\">\n<div class=\"wp-block-columns is-layout-flex wp-container-core-columns-is-layout-9d6595d7 wp-block-columns-is-layout-flex\">\n<div class=\"wp-block-column is-layout-flow wp-block-column-is-layout-flow\">\n<figure class=\"wp-block-image size-large is-resized\"><img loading=\"lazy\" decoding=\"async\" width=\"1024\" height=\"1024\" src=\"http:\/\/www.ruralis.org\/wp-content\/uploads\/2023\/07\/QuintadeFornico-1024x1024.jpeg\" alt=\"\" class=\"wp-image-785\" style=\"width:202px;height:auto\" srcset=\"https:\/\/www.ruralis.org\/wp-content\/uploads\/2023\/07\/QuintadeFornico-1024x1024.jpeg 1024w, https:\/\/www.ruralis.org\/wp-content\/uploads\/2023\/07\/QuintadeFornico-300x300.jpeg 300w, https:\/\/www.ruralis.org\/wp-content\/uploads\/2023\/07\/QuintadeFornico-150x150.jpeg 150w, https:\/\/www.ruralis.org\/wp-content\/uploads\/2023\/07\/QuintadeFornico-768x768.jpeg 768w, https:\/\/www.ruralis.org\/wp-content\/uploads\/2023\/07\/QuintadeFornico-12x12.jpeg 12w, https:\/\/www.ruralis.org\/wp-content\/uploads\/2023\/07\/QuintadeFornico.jpeg 1080w\" sizes=\"auto, (max-width: 1024px) 100vw, 1024px\" \/><figcaption class=\"wp-element-caption\"><strong>Sabores da Quinta<\/strong><br>Culinary branch<strong> of the Integral Cooperative 'Farol <\/strong>do Colibri, that offers 'farm to festival'<mark style=\"background-color:rgba(0, 0, 0, 0)\" class=\"has-inline-color has-vivid-cyan-blue-color\"><\/mark><\/figcaption><\/figure>\n<\/div>\n<\/div>\n<\/div>\n\n\n\n<div class=\"wp-block-column is-layout-flow wp-block-column-is-layout-flow\">\n<figure class=\"wp-block-image size-full is-resized\"><a href=\"https:\/\/www.instagram.com\/amanitabunker\/\" target=\"_blank\" rel=\" noreferrer noopener\"><img loading=\"lazy\" decoding=\"async\" width=\"512\" height=\"512\" src=\"http:\/\/www.ruralis.org\/wp-content\/uploads\/2023\/04\/AmanitaB.png\" alt=\"\" class=\"wp-image-737\" style=\"width:171px;height:auto\" srcset=\"https:\/\/www.ruralis.org\/wp-content\/uploads\/2023\/04\/AmanitaB.png 512w, https:\/\/www.ruralis.org\/wp-content\/uploads\/2023\/04\/AmanitaB-300x300.png 300w, https:\/\/www.ruralis.org\/wp-content\/uploads\/2023\/04\/AmanitaB-150x150.png 150w, https:\/\/www.ruralis.org\/wp-content\/uploads\/2023\/04\/AmanitaB-12x12.png 12w\" sizes=\"auto, (max-width: 512px) 100vw, 512px\" \/><\/a><figcaption class=\"wp-element-caption\">&nbsp;<br><mark style=\"background-color:rgba(0, 0, 0, 0)\" class=\"has-inline-color has-black-color\"><strong>Amanita Bunker<\/strong><br><\/mark>Showcooking Lentils with Chanterelles and seasonal vegetables.<br>12h30 &#8211; 13h30 <mark style=\"background-color:rgba(0, 0, 0, 0)\" class=\"has-inline-color has-black-color\"> <\/mark><br><mark style=\"background-color:rgba(0, 0, 0, 0)\" class=\"has-inline-color has-vivid-cyan-blue-color\"><\/mark><\/figcaption><\/figure>\n<\/div>\n<\/div>\n\n\n\n<div class=\"wp-block-columns is-layout-flex wp-container-core-columns-is-layout-9d6595d7 wp-block-columns-is-layout-flex\">\n<div class=\"wp-block-column is-layout-flow wp-block-column-is-layout-flow\">\n<figure class=\"wp-block-image size-full is-resized\"><a href=\"http:\/\/www.casademouraz.com\/\" target=\"_blank\" rel=\" noreferrer noopener\"><img loading=\"lazy\" decoding=\"async\" width=\"200\" height=\"200\" src=\"http:\/\/www.ruralis.org\/wp-content\/uploads\/2023\/05\/logo_couraz.png\" alt=\"\" class=\"wp-image-709\" style=\"width:192px;height:auto\" srcset=\"https:\/\/www.ruralis.org\/wp-content\/uploads\/2023\/05\/logo_couraz.png 200w, https:\/\/www.ruralis.org\/wp-content\/uploads\/2023\/05\/logo_couraz-150x150.png 150w, https:\/\/www.ruralis.org\/wp-content\/uploads\/2023\/05\/logo_couraz-12x12.png 12w\" sizes=\"auto, (max-width: 200px) 100vw, 200px\" \/><\/a><figcaption class=\"wp-element-caption\"><br>Sale and tasting of organic wines. <br><mark style=\"background-color:rgba(0, 0, 0, 0)\" class=\"has-inline-color has-vivid-cyan-blue-color\"><\/mark><\/figcaption><\/figure>\n<\/div>\n\n\n\n<div class=\"wp-block-column is-vertically-aligned-top is-layout-flow wp-block-column-is-layout-flow\">\n<div class=\"wp-block-columns is-layout-flex wp-container-core-columns-is-layout-9d6595d7 wp-block-columns-is-layout-flex\">\n<div class=\"wp-block-column is-layout-flow wp-block-column-is-layout-flow\">\n<figure class=\"wp-block-image size-full is-resized\"><a href=\"https:\/\/www.instagram.com\/bake_oclock_viseu\/\" target=\"_blank\" rel=\" noreferrer noopener\"><img loading=\"lazy\" decoding=\"async\" width=\"440\" height=\"376\" src=\"http:\/\/www.ruralis.org\/wp-content\/uploads\/2025\/06\/BakeO.jpg\" alt=\"\" class=\"wp-image-1240\" style=\"width:168px;height:auto\" srcset=\"https:\/\/www.ruralis.org\/wp-content\/uploads\/2025\/06\/BakeO.jpg 440w, https:\/\/www.ruralis.org\/wp-content\/uploads\/2025\/06\/BakeO-300x256.jpg 300w, https:\/\/www.ruralis.org\/wp-content\/uploads\/2025\/06\/BakeO-14x12.jpg 14w\" sizes=\"auto, (max-width: 440px) 100vw, 440px\" \/><\/a><figcaption class=\"wp-element-caption\"><strong>Bake &#8216;O Clock<\/strong> <br>Bakery with a passion for sourdough. Sale of various types of bread and biscuits. <br><mark style=\"background-color:rgba(0, 0, 0, 0)\" class=\"has-inline-color has-vivid-cyan-blue-color\"><\/mark><\/figcaption><\/figure>\n<\/div>\n<\/div>\n<\/div>\n\n\n\n<div class=\"wp-block-column is-layout-flow wp-block-column-is-layout-flow\">\n<figure class=\"wp-block-image size-full is-resized\"><a href=\"https:\/\/www.instagram.com\/pinheironaturalwines\/\" target=\"_blank\" rel=\" noreferrer noopener\"><img loading=\"lazy\" decoding=\"async\" width=\"173\" height=\"159\" src=\"http:\/\/www.ruralis.org\/wp-content\/uploads\/2025\/06\/Pinheiro.jpg\" alt=\"\" class=\"wp-image-1204\" style=\"width:174px;height:auto\" srcset=\"https:\/\/www.ruralis.org\/wp-content\/uploads\/2025\/06\/Pinheiro.jpg 173w, https:\/\/www.ruralis.org\/wp-content\/uploads\/2025\/06\/Pinheiro-13x12.jpg 13w\" sizes=\"auto, (max-width: 173px) 100vw, 173px\" \/><\/a><figcaption class=\"wp-element-caption\"><br><strong>Pinheiro Natural Wines<\/strong><\/figcaption><\/figure>\n<\/div>\n<\/div>\n\n\n\n<h1 class=\"wp-block-heading has-text-align-center has-background\" style=\"background:linear-gradient(135deg,rgb(103,196,249) 0%,rgb(204,156,248) 100%)\">~ <mark style=\"background-color:rgba(0, 0, 0, 0)\" class=\"has-inline-color has-black-color\">Well Being<\/mark> ~<\/h1>\n\n\n\n<div class=\"wp-block-columns is-layout-flex wp-container-core-columns-is-layout-9d6595d7 wp-block-columns-is-layout-flex\">\n<div class=\"wp-block-column is-layout-flow wp-block-column-is-layout-flow\">\n<figure class=\"wp-block-image size-full is-resized\"><img loading=\"lazy\" decoding=\"async\" width=\"1000\" height=\"1000\" src=\"http:\/\/www.ruralis.org\/wp-content\/uploads\/2025\/06\/AlmacomVida.jpeg\" alt=\"\" class=\"wp-image-1185\" style=\"width:221px;height:auto\" srcset=\"https:\/\/www.ruralis.org\/wp-content\/uploads\/2025\/06\/AlmacomVida.jpeg 1000w, https:\/\/www.ruralis.org\/wp-content\/uploads\/2025\/06\/AlmacomVida-300x300.jpeg 300w, https:\/\/www.ruralis.org\/wp-content\/uploads\/2025\/06\/AlmacomVida-150x150.jpeg 150w, https:\/\/www.ruralis.org\/wp-content\/uploads\/2025\/06\/AlmacomVida-768x768.jpeg 768w, https:\/\/www.ruralis.org\/wp-content\/uploads\/2025\/06\/AlmacomVida-12x12.jpeg 12w\" sizes=\"auto, (max-width: 1000px) 100vw, 1000px\" \/><figcaption class=\"wp-element-caption\"><strong>Massage Offer<\/strong> <br>com Ana Paula<strong><mark style=\"background-color:rgba(0, 0, 0, 0)\" class=\"has-inline-color has-vivid-cyan-blue-color\"> <\/mark><\/strong><br><strong>All day - 20 min. 10\u20ac<\/strong> <br><br>Quick massage in the chair or QuickMassage of the Shiatsu Technique<br><em>In just a few minutes on an ergonomic massage chair, release muscle tension in the back, shoulders, neck and hands. This massage is performed while wearing clothing. <\/em><br><br><\/figcaption><\/figure>\n<\/div>\n\n\n\n<div class=\"wp-block-column is-layout-flow wp-block-column-is-layout-flow\">\n<figure class=\"wp-block-image size-full is-resized\"><a href=\"https:\/\/www.instagram.com\/almarbyrc\/\" target=\"_blank\" rel=\" noreferrer noopener\"><img loading=\"lazy\" decoding=\"async\" width=\"1563\" height=\"1563\" src=\"http:\/\/www.ruralis.org\/wp-content\/uploads\/2025\/06\/Almarc.jpeg\" alt=\"\" class=\"wp-image-1197\" style=\"width:225px;height:auto\" srcset=\"https:\/\/www.ruralis.org\/wp-content\/uploads\/2025\/06\/Almarc.jpeg 1563w, https:\/\/www.ruralis.org\/wp-content\/uploads\/2025\/06\/Almarc-300x300.jpeg 300w, https:\/\/www.ruralis.org\/wp-content\/uploads\/2025\/06\/Almarc-1024x1024.jpeg 1024w, https:\/\/www.ruralis.org\/wp-content\/uploads\/2025\/06\/Almarc-150x150.jpeg 150w, https:\/\/www.ruralis.org\/wp-content\/uploads\/2025\/06\/Almarc-768x768.jpeg 768w, https:\/\/www.ruralis.org\/wp-content\/uploads\/2025\/06\/Almarc-1536x1536.jpeg 1536w, https:\/\/www.ruralis.org\/wp-content\/uploads\/2025\/06\/Almarc-12x12.jpeg 12w\" sizes=\"auto, (max-width: 1563px) 100vw, 1563px\" \/><\/a><figcaption class=\"wp-element-caption\"><strong>Sess\u00f5es de Yin Yoga<\/strong> <br>com Catarina Soares. <br><strong>Hor\u00e1rio: 11h &amp; 16h<\/strong><br><em>Free<\/em><br><br><em>Yin Yoga - an invitation to enter and navigate through your waters - through your emotions. While maintaining the postures, you observe yourself: allow yourself to pause.<\/em><br><br><\/figcaption><\/figure>\n<\/div>\n\n\n\n<div class=\"wp-block-column is-layout-flow wp-block-column-is-layout-flow\">\n<figure class=\"wp-block-image size-thumbnail is-resized\"><a href=\"https:\/\/www.instagram.com\/biodanza.magnacosta\/\" target=\"_blank\" rel=\" noreferrer noopener\"><img loading=\"lazy\" decoding=\"async\" width=\"150\" height=\"150\" src=\"http:\/\/www.ruralis.org\/wp-content\/uploads\/2023\/05\/Biodanza.MagnaCosta-150x150.png\" alt=\"\" class=\"wp-image-661\" style=\"width:217px;height:auto\" srcset=\"https:\/\/www.ruralis.org\/wp-content\/uploads\/2023\/05\/Biodanza.MagnaCosta-150x150.png 150w, https:\/\/www.ruralis.org\/wp-content\/uploads\/2023\/05\/Biodanza.MagnaCosta-300x300.png 300w, https:\/\/www.ruralis.org\/wp-content\/uploads\/2023\/05\/Biodanza.MagnaCosta-12x12.png 12w, https:\/\/www.ruralis.org\/wp-content\/uploads\/2023\/05\/Biodanza.MagnaCosta.png 500w\" sizes=\"auto, (max-width: 150px) 100vw, 150px\" \/><\/a><figcaption class=\"wp-element-caption\"><br><strong>Biodanza &amp; Circle Dances<\/strong> \u2013 <em>A Meeting of Hearts in Motion<\/em><br>Com Magna Costa e Alexandra Figueiredo. <br><strong>Hor\u00e1rio: 15h00<\/strong><br><em>Free<\/em><br><br>In this dynamic, we unite the pulse of Life with the ancestral wheel. Through Biodanza, we awaken the authentic expression of being, and in Circular Dances, we celebrate unity, rhythm and sharing. An invitation to encounter yourself, others and the whole \u2013 dancing the joy of being alive, hand in hand, in communion with music, the Earth and the heart.<br><br><\/figcaption><\/figure>\n<\/div>\n<\/div>\n\n\n\n<div class=\"wp-block-columns is-layout-flex wp-container-core-columns-is-layout-9d6595d7 wp-block-columns-is-layout-flex\">\n<div class=\"wp-block-column is-layout-flow wp-block-column-is-layout-flow\">\n<figure class=\"wp-block-image size-thumbnail is-resized\"><img loading=\"lazy\" decoding=\"async\" width=\"150\" height=\"150\" src=\"http:\/\/www.ruralis.org\/wp-content\/uploads\/2025\/06\/WhatsApp-Image-2025-06-02-at-22.45.09-150x150.jpeg\" alt=\"\" class=\"wp-image-1241\" style=\"width:221px;height:auto\"\/><figcaption class=\"wp-element-caption\"><br><strong>Sess\u00f5es de Reiki <\/strong><br>com Vanessa Pina <br>Espa\u00e7o Reiki Moimenta de Maceira D\u00e3o<br>Dia todo &#8211; 20 min 15\u20ac<br><br>In a 20-minute Reiki session, you surrender to a revitalizing experience. As the practitioner\u2019s hands move gently over your body, you feel the energy flow, warming and softening any accumulated tension. Tingling sensations and lightness envelop you as your worries melt away.<br>At the end, you feel renewed, with a clear mind and a light heart, as if you have left the weight of the world behind. That is the magic of a quick Reiki session: a transformative inner journey in just 20 minutes.<br><br><\/figcaption><\/figure>\n<\/div>\n\n\n\n<div class=\"wp-block-column is-layout-flow wp-block-column-is-layout-flow\">\n<div class=\"wp-block-columns is-layout-flex wp-container-core-columns-is-layout-9d6595d7 wp-block-columns-is-layout-flex\">\n<div class=\"wp-block-column is-layout-flow wp-block-column-is-layout-flow\">\n<figure class=\"wp-block-image size-full is-resized\"><img loading=\"lazy\" decoding=\"async\" width=\"808\" height=\"894\" src=\"http:\/\/www.ruralis.org\/wp-content\/uploads\/2023\/07\/Debra-G-Delglyn-Final-Logo-Gold.png\" alt=\"\" class=\"wp-image-778\" style=\"width:212px;height:234px\" srcset=\"https:\/\/www.ruralis.org\/wp-content\/uploads\/2023\/07\/Debra-G-Delglyn-Final-Logo-Gold.png 808w, https:\/\/www.ruralis.org\/wp-content\/uploads\/2023\/07\/Debra-G-Delglyn-Final-Logo-Gold-271x300.png 271w, https:\/\/www.ruralis.org\/wp-content\/uploads\/2023\/07\/Debra-G-Delglyn-Final-Logo-Gold-768x850.png 768w, https:\/\/www.ruralis.org\/wp-content\/uploads\/2023\/07\/Debra-G-Delglyn-Final-Logo-Gold-11x12.png 11w\" sizes=\"auto, (max-width: 808px) 100vw, 808px\" \/><figcaption class=\"wp-element-caption\">Massagens de Cadeira <br>com Debra Delglyn <br><br>Pagamento consciente 7\u20ac &#8211; 10\u20ac, <br><\/figcaption><\/figure>\n<\/div>\n<\/div>\n<\/div>\n\n\n\n<div class=\"wp-block-column is-layout-flow wp-block-column-is-layout-flow\">\n<figure class=\"wp-block-image size-full is-resized\"><a href=\"https:\/\/equicoachingportugal.wixsite.com\/connykadiaequicoach\" target=\"_blank\" rel=\" noreferrer noopener\"><img loading=\"lazy\" decoding=\"async\" width=\"707\" height=\"807\" src=\"http:\/\/www.ruralis.org\/wp-content\/uploads\/2025\/06\/conny5.jpg\" alt=\"\" class=\"wp-image-1296\" style=\"width:212px;height:auto\" srcset=\"https:\/\/www.ruralis.org\/wp-content\/uploads\/2025\/06\/conny5.jpg 707w, https:\/\/www.ruralis.org\/wp-content\/uploads\/2025\/06\/conny5-263x300.jpg 263w, https:\/\/www.ruralis.org\/wp-content\/uploads\/2025\/06\/conny5-11x12.jpg 11w\" sizes=\"auto, (max-width: 707px) 100vw, 707px\" \/><\/a><figcaption class=\"wp-element-caption\"><br><strong>EQUICOACHING | PEOPLE COACHING&nbsp;<\/strong>&#8211; com Conny Kadia<br><br>Personal and professional development with equine assistance.<br><br>OFERTA PRIMAFEIRA&nbsp;2025:&nbsp;<br>FREE Initial Coaching for Entrepreneurs (10 \u2013 15 min)&nbsp;<br><em>\u201cWhat is your desire for change in your Leadership and your Team?\u201d<\/em><br>I do my initial analysis and what you could work on with yourself and your team along with the horses.<\/figcaption><\/figure>\n<\/div>\n<\/div>\n\n\n\n<h1 class=\"wp-block-heading has-text-align-center has-pale-ocean-gradient-background has-background\">~ Mercado<mark style=\"background-color:rgba(0, 0, 0, 0)\" class=\"has-inline-color has-black-color\"> Bio e Artesanal<\/mark> ~<\/h1>\n\n\n\n<p><\/p>\n\n\n\n<div class=\"wp-block-columns is-layout-flex wp-container-core-columns-is-layout-9d6595d7 wp-block-columns-is-layout-flex\">\n<div class=\"wp-block-column is-layout-flow wp-block-column-is-layout-flow\">\n<figure class=\"wp-block-image size-thumbnail is-resized\"><a href=\"https:\/\/www.pharmaciadaservas.pt\/\" target=\"_blank\" rel=\"noreferrer noopener\"><img loading=\"lazy\" decoding=\"async\" width=\"150\" height=\"150\" src=\"http:\/\/www.ruralis.org\/wp-content\/uploads\/2023\/05\/Pharmaciadaservas_logo-150x150.jpeg\" alt=\"\" class=\"wp-image-673\" style=\"width:206px;height:auto\"\/><\/a><figcaption class=\"wp-element-caption\"><br>Sale of vegan and sustainable cosmetic &amp; medicinal products. <mark style=\"background-color:rgba(0, 0, 0, 0)\" class=\"has-inline-color has-vivid-cyan-blue-color\"> <\/mark><mark style=\"background-color:rgba(0, 0, 0, 0)\" class=\"has-inline-color has-luminous-vivid-orange-color\"><\/mark><\/figcaption><\/figure>\n<\/div>\n\n\n\n<div class=\"wp-block-column is-layout-flow wp-block-column-is-layout-flow\">\n<figure class=\"wp-block-image size-full\"><img loading=\"lazy\" decoding=\"async\" width=\"474\" height=\"172\" src=\"http:\/\/www.ruralis.org\/wp-content\/uploads\/2023\/05\/cynatura.jpeg\" alt=\"\" class=\"wp-image-690\" srcset=\"https:\/\/www.ruralis.org\/wp-content\/uploads\/2023\/05\/cynatura.jpeg 474w, https:\/\/www.ruralis.org\/wp-content\/uploads\/2023\/05\/cynatura-300x109.jpeg 300w, https:\/\/www.ruralis.org\/wp-content\/uploads\/2023\/05\/cynatura-18x7.jpeg 18w\" sizes=\"auto, (max-width: 474px) 100vw, 474px\" \/><figcaption class=\"wp-element-caption\"><br><strong>Quinta &#8216;d Oiro &amp; Cynatura <\/strong><br>Agricultural products and cheese and presentation of Cardo cultivation.<br><mark style=\"background-color:rgba(0, 0, 0, 0)\" class=\"has-inline-color has-vivid-cyan-blue-color\"><\/mark><\/figcaption><\/figure>\n<\/div>\n\n\n\n<div class=\"wp-block-column is-layout-flow wp-block-column-is-layout-flow\">\n<figure class=\"wp-block-image size-full is-resized\"><a href=\"https:\/\/www.facebook.com\/tatagranel\" target=\"_blank\" rel=\"noreferrer noopener\"><img loading=\"lazy\" decoding=\"async\" width=\"1000\" height=\"385\" src=\"http:\/\/www.ruralis.org\/wp-content\/uploads\/2023\/05\/Tata-3.jpg\" alt=\"\" class=\"wp-image-688\" style=\"width:186px;height:71px\" srcset=\"https:\/\/www.ruralis.org\/wp-content\/uploads\/2023\/05\/Tata-3.jpg 1000w, https:\/\/www.ruralis.org\/wp-content\/uploads\/2023\/05\/Tata-3-300x116.jpg 300w, https:\/\/www.ruralis.org\/wp-content\/uploads\/2023\/05\/Tata-3-768x296.jpg 768w, https:\/\/www.ruralis.org\/wp-content\/uploads\/2023\/05\/Tata-3-18x7.jpg 18w\" sizes=\"auto, (max-width: 1000px) 100vw, 1000px\" \/><\/a><figcaption class=\"wp-element-caption\"><br><br><strong>Bulk store.<\/strong><br>Sales of products from the bulk store <br><mark style=\"background-color:rgba(0, 0, 0, 0)\" class=\"has-inline-color has-vivid-cyan-blue-color\"><\/mark><\/figcaption><\/figure>\n<\/div>\n<\/div>\n\n\n\n<div class=\"wp-block-columns is-layout-flex wp-container-core-columns-is-layout-9d6595d7 wp-block-columns-is-layout-flex\">\n<div class=\"wp-block-column is-layout-flow wp-block-column-is-layout-flow\">\n<figure class=\"wp-block-image size-full is-resized\"><a href=\"https:\/\/www.instagram.com\/puro_artesanato_77\/\" target=\"_blank\" rel=\" noreferrer noopener\"><img loading=\"lazy\" decoding=\"async\" width=\"287\" height=\"288\" src=\"http:\/\/www.ruralis.org\/wp-content\/uploads\/2025\/05\/PURO.jpeg\" alt=\"\" class=\"wp-image-1182\" style=\"aspect-ratio:0.9565217391304348;width:161px;height:auto\" srcset=\"https:\/\/www.ruralis.org\/wp-content\/uploads\/2025\/05\/PURO.jpeg 287w, https:\/\/www.ruralis.org\/wp-content\/uploads\/2025\/05\/PURO-150x150.jpeg 150w, https:\/\/www.ruralis.org\/wp-content\/uploads\/2025\/05\/PURO-12x12.jpeg 12w\" sizes=\"auto, (max-width: 287px) 100vw, 287px\" \/><\/a><figcaption class=\"wp-element-caption\">Produtos Artesanais <\/figcaption><\/figure>\n<\/div>\n\n\n\n<div class=\"wp-block-column is-layout-flow wp-block-column-is-layout-flow\">\n<figure class=\"wp-block-image size-full is-resized\"><a href=\"https:\/\/www.facebook.com\/agulhadotempo\" target=\"_blank\" rel=\" noreferrer noopener\"><img loading=\"lazy\" decoding=\"async\" width=\"2048\" height=\"1491\" src=\"http:\/\/www.ruralis.org\/wp-content\/uploads\/2025\/06\/Agulha.jpeg\" alt=\"\" class=\"wp-image-1184\" style=\"width:155px;height:155px\" srcset=\"https:\/\/www.ruralis.org\/wp-content\/uploads\/2025\/06\/Agulha.jpeg 2048w, https:\/\/www.ruralis.org\/wp-content\/uploads\/2025\/06\/Agulha-300x218.jpeg 300w, https:\/\/www.ruralis.org\/wp-content\/uploads\/2025\/06\/Agulha-1024x746.jpeg 1024w, https:\/\/www.ruralis.org\/wp-content\/uploads\/2025\/06\/Agulha-768x559.jpeg 768w, https:\/\/www.ruralis.org\/wp-content\/uploads\/2025\/06\/Agulha-1536x1118.jpeg 1536w, https:\/\/www.ruralis.org\/wp-content\/uploads\/2025\/06\/Agulha-16x12.jpeg 16w\" sizes=\"auto, (max-width: 2048px) 100vw, 2048px\" \/><\/a><figcaption class=\"wp-element-caption\"><br><strong>Argulha do Tempo.<\/strong><br>Venda de chas e lou\u00e7a <br>artesanal.<br><mark style=\"background-color:rgba(0, 0, 0, 0)\" class=\"has-inline-color has-vivid-cyan-blue-color\"><\/mark><\/figcaption><\/figure>\n<\/div>\n\n\n\n<div class=\"wp-block-column is-layout-flow wp-block-column-is-layout-flow\">\n<figure class=\"wp-block-image size-thumbnail\"><a href=\"https:\/\/www.instagram.com\/quintadarminho\/\" target=\"_blank\" rel=\"noreferrer noopener\"><img loading=\"lazy\" decoding=\"async\" width=\"150\" height=\"150\" src=\"http:\/\/www.ruralis.org\/wp-content\/uploads\/2023\/04\/Arminho-150x150.jpeg\" alt=\"\" class=\"wp-image-738\" srcset=\"https:\/\/www.ruralis.org\/wp-content\/uploads\/2023\/04\/Arminho-150x150.jpeg 150w, https:\/\/www.ruralis.org\/wp-content\/uploads\/2023\/04\/Arminho-300x300.jpeg 300w, https:\/\/www.ruralis.org\/wp-content\/uploads\/2023\/04\/Arminho-1024x1024.jpeg 1024w, https:\/\/www.ruralis.org\/wp-content\/uploads\/2023\/04\/Arminho-768x768.jpeg 768w, https:\/\/www.ruralis.org\/wp-content\/uploads\/2023\/04\/Arminho-1536x1536.jpeg 1536w, https:\/\/www.ruralis.org\/wp-content\/uploads\/2023\/04\/Arminho-12x12.jpeg 12w, https:\/\/www.ruralis.org\/wp-content\/uploads\/2023\/04\/Arminho.jpeg 1638w\" sizes=\"auto, (max-width: 150px) 100vw, 150px\" \/><\/a><figcaption class=\"wp-element-caption\"><strong>Agricultura Regenerativa<\/strong><br>Sales and tasting of farm products. <mark style=\"background-color:rgba(0, 0, 0, 0)\" class=\"has-inline-color has-vivid-cyan-blue-color\"><\/mark><\/figcaption><\/figure>\n<\/div>\n<\/div>\n\n\n\n<div class=\"wp-block-columns is-layout-flex wp-container-core-columns-is-layout-9d6595d7 wp-block-columns-is-layout-flex\">\n<div class=\"wp-block-column is-layout-flow wp-block-column-is-layout-flow\">\n<figure class=\"wp-block-image size-full\"><a href=\"https:\/\/www.facebook.com\/bordadodetibaldinho\" target=\"_blank\" rel=\" noreferrer noopener\"><img loading=\"lazy\" decoding=\"async\" width=\"344\" height=\"344\" src=\"http:\/\/www.ruralis.org\/wp-content\/uploads\/2025\/06\/Bordados.png\" alt=\"\" class=\"wp-image-1187\" srcset=\"https:\/\/www.ruralis.org\/wp-content\/uploads\/2025\/06\/Bordados.png 344w, https:\/\/www.ruralis.org\/wp-content\/uploads\/2025\/06\/Bordados-300x300.png 300w, https:\/\/www.ruralis.org\/wp-content\/uploads\/2025\/06\/Bordados-150x150.png 150w, https:\/\/www.ruralis.org\/wp-content\/uploads\/2025\/06\/Bordados-12x12.png 12w\" sizes=\"auto, (max-width: 344px) 100vw, 344px\" \/><\/a><figcaption class=\"wp-element-caption\"><strong>Cidalia Rodrigues ~ Tibaldinho style Embroidery <\/strong><br><\/figcaption><\/figure>\n<\/div>\n\n\n\n<div class=\"wp-block-column is-layout-flow wp-block-column-is-layout-flow\">\n<figure class=\"wp-block-image size-medium\"><a href=\"https:\/\/www.facebook.com\/magnamattercuidaenutre\" target=\"_blank\" rel=\"noreferrer noopener\"><img loading=\"lazy\" decoding=\"async\" width=\"300\" height=\"100\" src=\"http:\/\/www.ruralis.org\/wp-content\/uploads\/2023\/06\/Magna-Matter-Logo-tagline-300x100.png\" alt=\"\" class=\"wp-image-760\" srcset=\"https:\/\/www.ruralis.org\/wp-content\/uploads\/2023\/06\/Magna-Matter-Logo-tagline-300x100.png 300w, https:\/\/www.ruralis.org\/wp-content\/uploads\/2023\/06\/Magna-Matter-Logo-tagline-18x6.png 18w, https:\/\/www.ruralis.org\/wp-content\/uploads\/2023\/06\/Magna-Matter-Logo-tagline.png 568w\" sizes=\"auto, (max-width: 300px) 100vw, 300px\" \/><\/a><figcaption class=\"wp-element-caption\"><strong>Cuida e Nutre.<\/strong><br><br>Sales of natural cosmetics.<br><mark style=\"background-color:rgba(0, 0, 0, 0)\" class=\"has-inline-color has-vivid-cyan-blue-color\"><\/mark><\/figcaption><\/figure>\n<\/div>\n\n\n\n<div class=\"wp-block-column is-layout-flow wp-block-column-is-layout-flow\">\n<figure class=\"wp-block-image size-thumbnail\"><a href=\"https:\/\/www.facebook.com\/AmaCasteloes\" target=\"_blank\" rel=\" noreferrer noopener\"><img loading=\"lazy\" decoding=\"async\" width=\"150\" height=\"150\" src=\"http:\/\/www.ruralis.org\/wp-content\/uploads\/2025\/06\/AmaCasteloes-150x150.jpeg\" alt=\"\" class=\"wp-image-1186\" srcset=\"https:\/\/www.ruralis.org\/wp-content\/uploads\/2025\/06\/AmaCasteloes-150x150.jpeg 150w, https:\/\/www.ruralis.org\/wp-content\/uploads\/2025\/06\/AmaCasteloes-300x300.jpeg 300w, https:\/\/www.ruralis.org\/wp-content\/uploads\/2025\/06\/AmaCasteloes-12x12.jpeg 12w, https:\/\/www.ruralis.org\/wp-content\/uploads\/2025\/06\/AmaCasteloes.jpeg 548w\" sizes=\"auto, (max-width: 150px) 100vw, 150px\" \/><\/a><figcaption class=\"wp-element-caption\">Association of Women Farmers of Castel\u00f5es. CYCLE OF LIVING LINEN \u2013 from seed to towel. <br><mark style=\"background-color:rgba(0, 0, 0, 0)\" class=\"has-inline-color has-vivid-cyan-blue-color\"><\/mark><\/figcaption><\/figure>\n<\/div>\n<\/div>\n\n\n\n<div class=\"wp-block-columns is-layout-flex wp-container-core-columns-is-layout-9d6595d7 wp-block-columns-is-layout-flex\">\n<div class=\"wp-block-column is-layout-flow wp-block-column-is-layout-flow\">\n<figure class=\"wp-block-image size-full is-resized\"><a href=\"https:\/\/www.facebook.com\/profile.php?id=100009625220102\" target=\"_blank\" rel=\" noreferrer noopener\"><img loading=\"lazy\" decoding=\"async\" width=\"814\" height=\"770\" src=\"http:\/\/www.ruralis.org\/wp-content\/uploads\/2025\/06\/Sampaio.jpg\" alt=\"\" class=\"wp-image-1199\" style=\"width:221px;height:auto\" srcset=\"https:\/\/www.ruralis.org\/wp-content\/uploads\/2025\/06\/Sampaio.jpg 814w, https:\/\/www.ruralis.org\/wp-content\/uploads\/2025\/06\/Sampaio-300x284.jpg 300w, https:\/\/www.ruralis.org\/wp-content\/uploads\/2025\/06\/Sampaio-768x726.jpg 768w, https:\/\/www.ruralis.org\/wp-content\/uploads\/2025\/06\/Sampaio-13x12.jpg 13w\" sizes=\"auto, (max-width: 814px) 100vw, 814px\" \/><\/a><figcaption class=\"wp-element-caption\"><br><strong>Cestaria Sampaio<\/strong>.<br>Sale of basketry items.<strong> <\/strong><br><strong><br><\/strong><br><\/figcaption><\/figure>\n<\/div>\n\n\n\n<div class=\"wp-block-column is-layout-flow wp-block-column-is-layout-flow\">\n<figure class=\"wp-block-image size-medium\"><a href=\"https:\/\/www.instagram.com\/so_ham_natural\/\" target=\"_blank\" rel=\" noreferrer noopener\"><img loading=\"lazy\" decoding=\"async\" width=\"300\" height=\"300\" src=\"http:\/\/www.ruralis.org\/wp-content\/uploads\/2025\/06\/SoHam-300x300.jpeg\" alt=\"\" class=\"wp-image-1200\" srcset=\"https:\/\/www.ruralis.org\/wp-content\/uploads\/2025\/06\/SoHam-300x300.jpeg 300w, https:\/\/www.ruralis.org\/wp-content\/uploads\/2025\/06\/SoHam-150x150.jpeg 150w, https:\/\/www.ruralis.org\/wp-content\/uploads\/2025\/06\/SoHam-12x12.jpeg 12w, https:\/\/www.ruralis.org\/wp-content\/uploads\/2025\/06\/SoHam.jpeg 733w\" sizes=\"auto, (max-width: 300px) 100vw, 300px\" \/><\/a><figcaption class=\"wp-element-caption\"><strong>Produtos Naturais.<\/strong><br>Care and self-knowledge through nature.<br><mark style=\"background-color:rgba(0, 0, 0, 0)\" class=\"has-inline-color has-vivid-cyan-blue-color\"><\/mark><\/figcaption><\/figure>\n<\/div>\n\n\n\n<div class=\"wp-block-column is-layout-flow wp-block-column-is-layout-flow\">\n<figure class=\"wp-block-image size-thumbnail\"><a href=\"https:\/\/www.instagram.com\/artechacra\/\" target=\"_blank\" rel=\" noreferrer noopener\"><img loading=\"lazy\" decoding=\"async\" width=\"150\" height=\"150\" src=\"http:\/\/www.ruralis.org\/wp-content\/uploads\/2025\/06\/ArteChacra-150x150.jpeg\" alt=\"\" class=\"wp-image-1202\" srcset=\"https:\/\/www.ruralis.org\/wp-content\/uploads\/2025\/06\/ArteChacra-150x150.jpeg 150w, https:\/\/www.ruralis.org\/wp-content\/uploads\/2025\/06\/ArteChacra-12x12.jpeg 12w\" sizes=\"auto, (max-width: 150px) 100vw, 150px\" \/><\/a><figcaption class=\"wp-element-caption\"><br><strong>Artechacra.<\/strong><br>Scented candles and other natural air fresheners.<br><mark style=\"background-color:rgba(0, 0, 0, 0)\" class=\"has-inline-color has-vivid-cyan-blue-color\"><\/mark><\/figcaption><\/figure>\n<\/div>\n<\/div>\n\n\n\n<div class=\"wp-block-columns is-layout-flex wp-container-core-columns-is-layout-9d6595d7 wp-block-columns-is-layout-flex\">\n<div class=\"wp-block-column is-layout-flow wp-block-column-is-layout-flow\">\n<figure class=\"wp-block-image size-full is-resized\"><a href=\"https:\/\/www.instagram.com\/greenjane.pt\/\" target=\"_blank\" rel=\" noreferrer noopener\"><img loading=\"lazy\" decoding=\"async\" width=\"349\" height=\"349\" src=\"http:\/\/www.ruralis.org\/wp-content\/uploads\/2025\/06\/GreenJane.jpeg\" alt=\"\" class=\"wp-image-1201\" style=\"width:221px;height:auto\" srcset=\"https:\/\/www.ruralis.org\/wp-content\/uploads\/2025\/06\/GreenJane.jpeg 349w, https:\/\/www.ruralis.org\/wp-content\/uploads\/2025\/06\/GreenJane-300x300.jpeg 300w, https:\/\/www.ruralis.org\/wp-content\/uploads\/2025\/06\/GreenJane-150x150.jpeg 150w, https:\/\/www.ruralis.org\/wp-content\/uploads\/2025\/06\/GreenJane-12x12.jpeg 12w\" sizes=\"auto, (max-width: 349px) 100vw, 349px\" \/><\/a><figcaption class=\"wp-element-caption\"><br>Moda Sustent\u00e1vel e Reutiliza\u00e7\u00e3o Criativa de Materiais<br><strong> <\/strong><br><br><\/figcaption><\/figure>\n<\/div>\n\n\n\n<div class=\"wp-block-column is-layout-flow wp-block-column-is-layout-flow\">\n<figure class=\"wp-block-image size-full\"><a href=\"https:\/\/www.casadaspalmeiras.pt\/\" target=\"_blank\" rel=\" noreferrer noopener\"><img loading=\"lazy\" decoding=\"async\" width=\"195\" height=\"195\" src=\"http:\/\/www.ruralis.org\/wp-content\/uploads\/2022\/03\/Palmeiras.jpg\" alt=\"\" class=\"wp-image-320\" srcset=\"https:\/\/www.ruralis.org\/wp-content\/uploads\/2022\/03\/Palmeiras.jpg 195w, https:\/\/www.ruralis.org\/wp-content\/uploads\/2022\/03\/Palmeiras-150x150.jpg 150w, https:\/\/www.ruralis.org\/wp-content\/uploads\/2022\/03\/Palmeiras-12x12.jpg 12w\" sizes=\"auto, (max-width: 195px) 100vw, 195px\" \/><\/a><figcaption class=\"wp-element-caption\"><br>Tourist Entertainment and Equicoaching Programs.<br><mark style=\"background-color:rgba(0, 0, 0, 0)\" class=\"has-inline-color has-vivid-cyan-blue-color\"><\/mark><\/figcaption><\/figure>\n<\/div>\n\n\n\n<div class=\"wp-block-column is-layout-flow wp-block-column-is-layout-flow\">\n<figure class=\"wp-block-image size-thumbnail is-resized\"><a href=\"https:\/\/letsswap.pt\/\" target=\"_blank\" rel=\" noreferrer noopener\"><img loading=\"lazy\" decoding=\"async\" width=\"150\" height=\"150\" src=\"http:\/\/www.ruralis.org\/wp-content\/uploads\/2025\/06\/Swap-150x150.jpeg\" alt=\"\" class=\"wp-image-1203\" style=\"width:173px;height:auto\" srcset=\"https:\/\/www.ruralis.org\/wp-content\/uploads\/2025\/06\/Swap-150x150.jpeg 150w, https:\/\/www.ruralis.org\/wp-content\/uploads\/2025\/06\/Swap-300x300.jpeg 300w, https:\/\/www.ruralis.org\/wp-content\/uploads\/2025\/06\/Swap-1024x1024.jpeg 1024w, https:\/\/www.ruralis.org\/wp-content\/uploads\/2025\/06\/Swap-768x768.jpeg 768w, https:\/\/www.ruralis.org\/wp-content\/uploads\/2025\/06\/Swap-12x12.jpeg 12w, https:\/\/www.ruralis.org\/wp-content\/uploads\/2025\/06\/Swap.jpeg 1080w\" sizes=\"auto, (max-width: 150px) 100vw, 150px\" \/><\/a><figcaption class=\"wp-element-caption\">A movement that promotes the circular economy and encourages people to give new life to their items. <br><mark style=\"background-color:rgba(0, 0, 0, 0)\" class=\"has-inline-color has-vivid-cyan-blue-color\"><\/mark><\/figcaption><\/figure>\n<\/div>\n<\/div>\n\n\n\n<div class=\"wp-block-columns is-layout-flex wp-container-core-columns-is-layout-9d6595d7 wp-block-columns-is-layout-flex\">\n<div class=\"wp-block-column is-vertically-aligned-center is-layout-flow wp-block-column-is-layout-flow\"><\/div>\n<\/div>\n\n\n\n<h2 class=\"wp-block-heading has-background\" style=\"background:linear-gradient(135deg,rgb(249,228,169) 0%,rgb(251,152,81) 100%)\">Com apoio de: <\/h2>\n\n\n\n<div class=\"wp-block-columns is-layout-flex wp-container-core-columns-is-layout-9d6595d7 wp-block-columns-is-layout-flex\">\n<div class=\"wp-block-column is-layout-flow wp-block-column-is-layout-flow\">\n<figure class=\"wp-block-image size-full is-resized\"><img loading=\"lazy\" decoding=\"async\" width=\"359\" height=\"556\" src=\"http:\/\/www.ruralis.org\/wp-content\/uploads\/2023\/04\/viseulogo.png\" alt=\"\" class=\"wp-image-585\" style=\"width:98px;height:151px\" srcset=\"https:\/\/www.ruralis.org\/wp-content\/uploads\/2023\/04\/viseulogo.png 359w, https:\/\/www.ruralis.org\/wp-content\/uploads\/2023\/04\/viseulogo-194x300.png 194w, https:\/\/www.ruralis.org\/wp-content\/uploads\/2023\/04\/viseulogo-8x12.png 8w\" sizes=\"auto, (max-width: 359px) 100vw, 359px\" \/><\/figure>\n<\/div>\n\n\n\n<div class=\"wp-block-column is-layout-flow wp-block-column-is-layout-flow\">\n<figure class=\"wp-block-image size-full\"><img loading=\"lazy\" decoding=\"async\" width=\"220\" height=\"167\" src=\"http:\/\/www.ruralis.org\/wp-content\/uploads\/2023\/04\/logoCMMangualde.png\" alt=\"\" class=\"wp-image-571\" srcset=\"https:\/\/www.ruralis.org\/wp-content\/uploads\/2023\/04\/logoCMMangualde.png 220w, https:\/\/www.ruralis.org\/wp-content\/uploads\/2023\/04\/logoCMMangualde-16x12.png 16w\" sizes=\"auto, (max-width: 220px) 100vw, 220px\" \/><\/figure>\n<\/div>\n\n\n\n<div class=\"wp-block-column is-layout-flow wp-block-column-is-layout-flow\">\n<figure class=\"wp-block-image size-full\"><img loading=\"lazy\" decoding=\"async\" width=\"367\" height=\"119\" src=\"http:\/\/www.ruralis.org\/wp-content\/uploads\/2023\/05\/SJdeLourosa.png\" alt=\"\" class=\"wp-image-656\" srcset=\"https:\/\/www.ruralis.org\/wp-content\/uploads\/2023\/05\/SJdeLourosa.png 367w, https:\/\/www.ruralis.org\/wp-content\/uploads\/2023\/05\/SJdeLourosa-300x97.png 300w, https:\/\/www.ruralis.org\/wp-content\/uploads\/2023\/05\/SJdeLourosa-18x6.png 18w\" sizes=\"auto, (max-width: 367px) 100vw, 367px\" \/><\/figure>\n<\/div>\n\n\n\n<div class=\"wp-block-column is-layout-flow wp-block-column-is-layout-flow\">\n<figure class=\"wp-block-image size-thumbnail\"><img loading=\"lazy\" decoding=\"async\" width=\"150\" height=\"150\" src=\"http:\/\/www.ruralis.org\/wp-content\/uploads\/2023\/05\/logotipo-alcafache-azul-150x150.png\" alt=\"\" class=\"wp-image-657\" srcset=\"https:\/\/www.ruralis.org\/wp-content\/uploads\/2023\/05\/logotipo-alcafache-azul-150x150.png 150w, https:\/\/www.ruralis.org\/wp-content\/uploads\/2023\/05\/logotipo-alcafache-azul-13x12.png 13w\" sizes=\"auto, (max-width: 150px) 100vw, 150px\" \/><\/figure>\n<\/div>\n<\/div>\n\n\n\n<div class=\"wp-block-columns is-layout-flex wp-container-core-columns-is-layout-9d6595d7 wp-block-columns-is-layout-flex\">\n<div class=\"wp-block-column is-layout-flow wp-block-column-is-layout-flow\">\n<figure class=\"wp-block-image size-thumbnail\"><img loading=\"lazy\" decoding=\"async\" width=\"150\" height=\"150\" src=\"http:\/\/www.ruralis.org\/wp-content\/uploads\/2023\/05\/ccsdTib-150x150.jpeg\" alt=\"\" class=\"wp-image-699\" srcset=\"https:\/\/www.ruralis.org\/wp-content\/uploads\/2023\/05\/ccsdTib-150x150.jpeg 150w, https:\/\/www.ruralis.org\/wp-content\/uploads\/2023\/05\/ccsdTib-300x300.jpeg 300w, https:\/\/www.ruralis.org\/wp-content\/uploads\/2023\/05\/ccsdTib-768x768.jpeg 768w, https:\/\/www.ruralis.org\/wp-content\/uploads\/2023\/05\/ccsdTib-12x12.jpeg 12w, https:\/\/www.ruralis.org\/wp-content\/uploads\/2023\/05\/ccsdTib.jpeg 960w\" sizes=\"auto, (max-width: 150px) 100vw, 150px\" \/><\/figure>\n<\/div>\n\n\n\n<div class=\"wp-block-column is-layout-flow wp-block-column-is-layout-flow\">\n<figure class=\"wp-block-image size-full\"><img loading=\"lazy\" decoding=\"async\" width=\"800\" height=\"400\" src=\"http:\/\/www.ruralis.org\/wp-content\/uploads\/2025\/06\/Logo_SPBotanica_800-1.png\" alt=\"\" class=\"wp-image-1302\" srcset=\"https:\/\/www.ruralis.org\/wp-content\/uploads\/2025\/06\/Logo_SPBotanica_800-1.png 800w, https:\/\/www.ruralis.org\/wp-content\/uploads\/2025\/06\/Logo_SPBotanica_800-1-300x150.png 300w, https:\/\/www.ruralis.org\/wp-content\/uploads\/2025\/06\/Logo_SPBotanica_800-1-768x384.png 768w, https:\/\/www.ruralis.org\/wp-content\/uploads\/2025\/06\/Logo_SPBotanica_800-1-18x9.png 18w\" sizes=\"auto, (max-width: 800px) 100vw, 800px\" \/><\/figure>\n<\/div>\n\n\n\n<div class=\"wp-block-column is-layout-flow wp-block-column-is-layout-flow\"><\/div>\n\n\n\n<div class=\"wp-block-column is-layout-flow wp-block-column-is-layout-flow\"><\/div>\n<\/div>\n\n\n\n<div class=\"wp-block-columns is-layout-flex wp-container-core-columns-is-layout-9d6595d7 wp-block-columns-is-layout-flex\">\n<div class=\"wp-block-column is-layout-flow wp-block-column-is-layout-flow\"><\/div>\n<\/div>\n\n\n\n<div class=\"wp-block-columns is-layout-flex wp-container-core-columns-is-layout-9d6595d7 wp-block-columns-is-layout-flex\"><\/div>\n\n\n\n<div class=\"wp-block-columns is-layout-flex wp-container-core-columns-is-layout-9d6595d7 wp-block-columns-is-layout-flex\">\n<div class=\"wp-block-column is-layout-flow wp-block-column-is-layout-flow\">\n<div class=\"wp-block-columns is-layout-flex wp-container-core-columns-is-layout-9d6595d7 wp-block-columns-is-layout-flex\">\n<div class=\"wp-block-column is-layout-flow wp-block-column-is-layout-flow\">\n<div class=\"wp-block-columns is-layout-flex wp-container-core-columns-is-layout-9d6595d7 wp-block-columns-is-layout-flex\">\n<div class=\"wp-block-column is-layout-flow wp-block-column-is-layout-flow\"><\/div>\n\n\n\n<div class=\"wp-block-column is-layout-flow wp-block-column-is-layout-flow\"><\/div>\n<\/div>\n<\/div>\n\n\n\n<div class=\"wp-block-column is-layout-flow wp-block-column-is-layout-flow\">\n<div class=\"wp-block-columns is-layout-flex wp-container-core-columns-is-layout-9d6595d7 wp-block-columns-is-layout-flex\">\n<div class=\"wp-block-column is-layout-flow wp-block-column-is-layout-flow\"><\/div>\n\n\n\n<div class=\"wp-block-column is-layout-flow wp-block-column-is-layout-flow\"><\/div>\n<\/div>\n<\/div>\n<\/div>\n<\/div>\n\n\n\n<div class=\"wp-block-column is-layout-flow wp-block-column-is-layout-flow\">\n<div class=\"wp-block-columns is-layout-flex wp-container-core-columns-is-layout-9d6595d7 wp-block-columns-is-layout-flex\">\n<div class=\"wp-block-column is-layout-flow wp-block-column-is-layout-flow\">\n<div class=\"wp-block-columns is-layout-flex wp-container-core-columns-is-layout-9d6595d7 wp-block-columns-is-layout-flex\">\n<div class=\"wp-block-column is-layout-flow wp-block-column-is-layout-flow\"><\/div>\n\n\n\n<div class=\"wp-block-column is-layout-flow wp-block-column-is-layout-flow\"><\/div>\n<\/div>\n<\/div>\n\n\n\n<div class=\"wp-block-column is-layout-flow wp-block-column-is-layout-flow\">\n<div class=\"wp-block-columns is-layout-flex wp-container-core-columns-is-layout-9d6595d7 wp-block-columns-is-layout-flex\">\n<div class=\"wp-block-column is-layout-flow wp-block-column-is-layout-flow\"><\/div>\n\n\n\n<div class=\"wp-block-column is-layout-flow wp-block-column-is-layout-flow\"><\/div>\n<\/div>\n<\/div>\n<\/div>\n<\/div>\n<\/div>\n\n\n\n<div class=\"wp-block-columns is-layout-flex wp-container-core-columns-is-layout-9d6595d7 wp-block-columns-is-layout-flex\">\n<div class=\"wp-block-column is-layout-flow wp-block-column-is-layout-flow\">\n<div class=\"wp-block-columns is-layout-flex wp-container-core-columns-is-layout-9d6595d7 wp-block-columns-is-layout-flex\">\n<div class=\"wp-block-column is-layout-flow wp-block-column-is-layout-flow\"><\/div>\n\n\n\n<div class=\"wp-block-column is-layout-flow wp-block-column-is-layout-flow\"><\/div>\n<\/div>\n<\/div>\n\n\n\n<div class=\"wp-block-column is-layout-flow wp-block-column-is-layout-flow\">\n<div class=\"wp-block-columns is-layout-flex wp-container-core-columns-is-layout-9d6595d7 wp-block-columns-is-layout-flex\">\n<div class=\"wp-block-column is-layout-flow wp-block-column-is-layout-flow\"><\/div>\n\n\n\n<div class=\"wp-block-column is-layout-flow wp-block-column-is-layout-flow\"><\/div>\n<\/div>\n<\/div>\n\n\n\n<div class=\"wp-block-column is-layout-flow wp-block-column-is-layout-flow\">\n<div class=\"wp-block-columns is-layout-flex wp-container-core-columns-is-layout-9d6595d7 wp-block-columns-is-layout-flex\">\n<div class=\"wp-block-column is-layout-flow wp-block-column-is-layout-flow\"><\/div>\n\n\n\n<div class=\"wp-block-column is-layout-flow wp-block-column-is-layout-flow\"><\/div>\n<\/div>\n<\/div>\n<\/div>","protected":false},"excerpt":{"rendered":"<p>~ Atividades ~ Em contacto com a \u00e1gua. ~ ~ Musica e Dan\u00e7a ~ ~ Gastronomia ~ ~ Bem Estar ~ ~ Mercado Bio e Artesanal ~ Com apoio de:<\/p>","protected":false},"author":2,"featured_media":1319,"comment_status":"open","ping_status":"open","sticky":false,"template":"","format":"standard","meta":{"footnotes":""},"categories":[6,11],"tags":[],"class_list":["post-1173","post","type-post","status-publish","format-standard","has-post-thumbnail","hentry","category-eco-regiao-do-dao","category-educacao-ambiental"],"_links":{"self":[{"href":"https:\/\/www.ruralis.org\/en\/wp-json\/wp\/v2\/posts\/1173","targetHints":{"allow":["GET"]}}],"collection":[{"href":"https:\/\/www.ruralis.org\/en\/wp-json\/wp\/v2\/posts"}],"about":[{"href":"https:\/\/www.ruralis.org\/en\/wp-json\/wp\/v2\/types\/post"}],"author":[{"embeddable":true,"href":"https:\/\/www.ruralis.org\/en\/wp-json\/wp\/v2\/users\/2"}],"replies":[{"embeddable":true,"href":"https:\/\/www.ruralis.org\/en\/wp-json\/wp\/v2\/comments?post=1173"}],"version-history":[{"count":0,"href":"https:\/\/www.ruralis.org\/en\/wp-json\/wp\/v2\/posts\/1173\/revisions"}],"wp:featuredmedia":[{"embeddable":true,"href":"https:\/\/www.ruralis.org\/en\/wp-json\/wp\/v2\/media\/1319"}],"wp:attachment":[{"href":"https:\/\/www.ruralis.org\/en\/wp-json\/wp\/v2\/media?parent=1173"}],"wp:term":[{"taxonomy":"category","embeddable":true,"href":"https:\/\/www.ruralis.org\/en\/wp-json\/wp\/v2\/categories?post=1173"},{"taxonomy":"post_tag","embeddable":true,"href":"https:\/\/www.ruralis.org\/en\/wp-json\/wp\/v2\/tags?post=1173"}],"curies":[{"name":"wp","href":"https:\/\/api.w.org\/{rel}","templated":true}]}}