{"id":1105,"date":"2025-04-24T11:00:17","date_gmt":"2025-04-24T11:00:17","guid":{"rendered":"http:\/\/www.ruralis.org\/?p=1105"},"modified":"2025-06-15T10:06:20","modified_gmt":"2025-06-15T10:06:20","slug":"primafeira-edicao-2025-agua-sustenta-vida","status":"publish","type":"post","link":"http:\/\/www.ruralis.org\/en\/2025\/04\/primafeira-edicao-2025-agua-sustenta-vida\/","title":{"rendered":"PrimaFeira 2025 Edition ~ Water is life."},"content":{"rendered":"<p class=\"has-text-align-center has-medium-font-size\">We are very excited to have the opportunity to organize the second edition of PrimaFeira. Remebering the positive experience <a href=\"http:\/\/www.ruralis.org\/en\/2023\/07\/gratidao-pela-linda-primafeira-2023\/\" data-type=\"link\" data-id=\"http:\/\/www.ruralis.org\/2023\/07\/gratidao-pela-linda-primafeira-2023\/\">of the 2023 edition<\/a>, we expect another memorable day on the D\u00e3o river. <strong><a href=\"http:\/\/www.ruralis.org\/en\/2025\/06\/programa-primafeira-2025\/\">See the full program HERE.<\/a> <\/strong><\/p>\n\n\n\n<div class=\"wp-block-columns is-layout-flex wp-container-core-columns-is-layout-9d6595d7 wp-block-columns-is-layout-flex\">\n<div class=\"wp-block-column is-layout-flow wp-block-column-is-layout-flow\" style=\"flex-basis:100%\"><div class=\"wp-block-image\">\n<figure class=\"aligncenter size-large\"><img loading=\"lazy\" decoding=\"async\" width=\"724\" height=\"1024\" src=\"http:\/\/www.ruralis.org\/wp-content\/uploads\/2025\/04\/Prima_Feira_Design_2025_A4-1-724x1024.jpg\" alt=\"\" class=\"wp-image-1235\" srcset=\"http:\/\/www.ruralis.org\/wp-content\/uploads\/2025\/04\/Prima_Feira_Design_2025_A4-1-724x1024.jpg 724w, http:\/\/www.ruralis.org\/wp-content\/uploads\/2025\/04\/Prima_Feira_Design_2025_A4-1-212x300.jpg 212w, http:\/\/www.ruralis.org\/wp-content\/uploads\/2025\/04\/Prima_Feira_Design_2025_A4-1-768x1086.jpg 768w, http:\/\/www.ruralis.org\/wp-content\/uploads\/2025\/04\/Prima_Feira_Design_2025_A4-1-1086x1536.jpg 1086w, http:\/\/www.ruralis.org\/wp-content\/uploads\/2025\/04\/Prima_Feira_Design_2025_A4-1-1448x2048.jpg 1448w, http:\/\/www.ruralis.org\/wp-content\/uploads\/2025\/04\/Prima_Feira_Design_2025_A4-1-8x12.jpg 8w, http:\/\/www.ruralis.org\/wp-content\/uploads\/2025\/04\/Prima_Feira_Design_2025_A4-1-scaled.jpg 1810w\" sizes=\"auto, (max-width: 724px) 100vw, 724px\" \/><\/figure>\n<\/div><\/div>\n<\/div>\n\n\n\n<p class=\"has-vivid-cyan-blue-color has-text-color has-link-color has-medium-font-size wp-elements-18bcfb9de476e6ea5c9192d3e02406a6\"><strong>Tema da edi\u00e7\u00e3o 2025: A \u00e1gua d\u00e1 vida!<\/strong><\/p>\n\n\n\n<p class=\"has-medium-font-size\">Water is the basis of life and the existence of the water cycle is what guarantees conditions for life in a region. With this theme we touch on the basis for a healthy and sustainable future in the D\u00e3o region and draw attention to the appreciation of this key resource. This appreciation goes beyond saving water and also highlights territorial planning and land use, agricultural practices and the extent to which citizens know and care for their water ways.<\/p>\n\n\n\n<p class=\"has-vivid-cyan-blue-color has-text-color has-link-color has-medium-font-size wp-elements-44ecd53632531080deee00840752cc85\"><strong>Com Apoio de:<\/strong><\/p>\n\n\n\n<div class=\"wp-block-columns is-layout-flex wp-container-core-columns-is-layout-9d6595d7 wp-block-columns-is-layout-flex\">\n<div class=\"wp-block-column is-layout-flow wp-block-column-is-layout-flow\"><div class=\"wp-block-image\">\n<figure class=\"aligncenter size-full\"><img loading=\"lazy\" decoding=\"async\" width=\"220\" height=\"167\" src=\"http:\/\/www.ruralis.org\/wp-content\/uploads\/2023\/04\/logoCMMangualde.png\" alt=\"\" class=\"wp-image-571\" srcset=\"http:\/\/www.ruralis.org\/wp-content\/uploads\/2023\/04\/logoCMMangualde.png 220w, http:\/\/www.ruralis.org\/wp-content\/uploads\/2023\/04\/logoCMMangualde-16x12.png 16w\" sizes=\"auto, (max-width: 220px) 100vw, 220px\" \/><\/figure>\n<\/div><\/div>\n\n\n\n<div class=\"wp-block-column is-layout-flow wp-block-column-is-layout-flow\"><div class=\"wp-block-image\">\n<figure class=\"aligncenter size-full is-resized\"><img loading=\"lazy\" decoding=\"async\" width=\"359\" height=\"556\" src=\"http:\/\/www.ruralis.org\/wp-content\/uploads\/2023\/04\/viseulogo.png\" alt=\"\" class=\"wp-image-585\" style=\"width:136px;height:auto\" srcset=\"http:\/\/www.ruralis.org\/wp-content\/uploads\/2023\/04\/viseulogo.png 359w, http:\/\/www.ruralis.org\/wp-content\/uploads\/2023\/04\/viseulogo-194x300.png 194w, http:\/\/www.ruralis.org\/wp-content\/uploads\/2023\/04\/viseulogo-8x12.png 8w\" sizes=\"auto, (max-width: 359px) 100vw, 359px\" \/><\/figure>\n<\/div><\/div>\n\n\n\n<div class=\"wp-block-column is-layout-flow wp-block-column-is-layout-flow\"><div class=\"wp-block-image\">\n<figure class=\"aligncenter size-full is-resized\"><img loading=\"lazy\" decoding=\"async\" width=\"1910\" height=\"1784\" src=\"http:\/\/www.ruralis.org\/wp-content\/uploads\/2023\/05\/logotipo-alcafache-azul-1.png\" alt=\"\" class=\"wp-image-670\" style=\"width:153px;height:auto\" srcset=\"http:\/\/www.ruralis.org\/wp-content\/uploads\/2023\/05\/logotipo-alcafache-azul-1.png 1910w, http:\/\/www.ruralis.org\/wp-content\/uploads\/2023\/05\/logotipo-alcafache-azul-1-300x280.png 300w, http:\/\/www.ruralis.org\/wp-content\/uploads\/2023\/05\/logotipo-alcafache-azul-1-1024x956.png 1024w, http:\/\/www.ruralis.org\/wp-content\/uploads\/2023\/05\/logotipo-alcafache-azul-1-768x717.png 768w, http:\/\/www.ruralis.org\/wp-content\/uploads\/2023\/05\/logotipo-alcafache-azul-1-1536x1435.png 1536w, http:\/\/www.ruralis.org\/wp-content\/uploads\/2023\/05\/logotipo-alcafache-azul-1-13x12.png 13w\" sizes=\"auto, (max-width: 1910px) 100vw, 1910px\" \/><\/figure>\n<\/div><\/div>\n<\/div>\n\n\n\n<div class=\"wp-block-columns is-layout-flex wp-container-core-columns-is-layout-9d6595d7 wp-block-columns-is-layout-flex\">\n<div class=\"wp-block-column is-layout-flow wp-block-column-is-layout-flow\"><div class=\"wp-block-image\">\n<figure class=\"aligncenter size-full is-resized\"><img loading=\"lazy\" decoding=\"async\" width=\"367\" height=\"119\" src=\"http:\/\/www.ruralis.org\/wp-content\/uploads\/2023\/05\/SJdeLourosa.png\" alt=\"\" class=\"wp-image-656\" style=\"width:176px;height:auto\" srcset=\"http:\/\/www.ruralis.org\/wp-content\/uploads\/2023\/05\/SJdeLourosa.png 367w, http:\/\/www.ruralis.org\/wp-content\/uploads\/2023\/05\/SJdeLourosa-300x97.png 300w, http:\/\/www.ruralis.org\/wp-content\/uploads\/2023\/05\/SJdeLourosa-18x6.png 18w\" sizes=\"auto, (max-width: 367px) 100vw, 367px\" \/><\/figure>\n<\/div><\/div>\n\n\n\n<div class=\"wp-block-column is-layout-flow wp-block-column-is-layout-flow\"><div class=\"wp-block-image\">\n<figure class=\"aligncenter size-full is-resized\"><img loading=\"lazy\" decoding=\"async\" width=\"960\" height=\"960\" src=\"http:\/\/www.ruralis.org\/wp-content\/uploads\/2023\/05\/ccsdTib.jpeg\" alt=\"\" class=\"wp-image-699\" style=\"width:136px;height:auto\" srcset=\"http:\/\/www.ruralis.org\/wp-content\/uploads\/2023\/05\/ccsdTib.jpeg 960w, http:\/\/www.ruralis.org\/wp-content\/uploads\/2023\/05\/ccsdTib-300x300.jpeg 300w, http:\/\/www.ruralis.org\/wp-content\/uploads\/2023\/05\/ccsdTib-150x150.jpeg 150w, http:\/\/www.ruralis.org\/wp-content\/uploads\/2023\/05\/ccsdTib-768x768.jpeg 768w, http:\/\/www.ruralis.org\/wp-content\/uploads\/2023\/05\/ccsdTib-12x12.jpeg 12w\" sizes=\"auto, (max-width: 960px) 100vw, 960px\" \/><\/figure>\n<\/div><\/div>\n\n\n\n<div class=\"wp-block-column is-layout-flow wp-block-column-is-layout-flow\"><div class=\"wp-block-image\">\n<figure class=\"aligncenter size-full\"><img loading=\"lazy\" decoding=\"async\" width=\"699\" height=\"176\" src=\"http:\/\/www.ruralis.org\/wp-content\/uploads\/2025\/04\/logo_ciclos_pequenho.jpg\" alt=\"\" class=\"wp-image-1177\" srcset=\"http:\/\/www.ruralis.org\/wp-content\/uploads\/2025\/04\/logo_ciclos_pequenho.jpg 699w, http:\/\/www.ruralis.org\/wp-content\/uploads\/2025\/04\/logo_ciclos_pequenho-300x76.jpg 300w, http:\/\/www.ruralis.org\/wp-content\/uploads\/2025\/04\/logo_ciclos_pequenho-18x5.jpg 18w\" sizes=\"auto, (max-width: 699px) 100vw, 699px\" \/><\/figure>\n<\/div><\/div>\n<\/div>\n\n\n\n<figure class=\"wp-block-embed is-type-video is-provider-youtube wp-block-embed-youtube wp-embed-aspect-16-9 wp-has-aspect-ratio\"><div class=\"wp-block-embed__wrapper\">\n<iframe loading=\"lazy\" title=\"PrimaFeira 2023 Amosphere\" width=\"560\" height=\"315\" src=\"https:\/\/www.youtube.com\/embed\/cIQL_Da9TL0?feature=oembed\" frameborder=\"0\" allow=\"accelerometer; autoplay; clipboard-write; encrypted-media; gyroscope; picture-in-picture; web-share\" referrerpolicy=\"strict-origin-when-cross-origin\" allowfullscreen><\/iframe>\n<\/div><\/figure>\n\n\n\n<h2 class=\"wp-block-heading\">About the PrimaFeira:<\/h2>\n\n\n\n<p class=\"has-medium-font-size\">This event is to present and strengthen projects and activities with environmental and social sensitivity in the D\u00e3o river basin region. The event is an opportunity for the general public to understand what exists in this region in the scope of sustainable\/regenerative projects and to facilitate connection and cooperation between the community involved in these projects (networking).<br><br>In true fair spirit, the program will cover a wide range of activities, from artisans to regenerative farmers and from environmental education to wellness activities. Each project plays an important role in vital and future-proof regional development. It will be a fair to share products, ideas, techniques and inspiration for a life in that rural area that is ecologically conscious, economically diverse and socially just.<\/p>\n\n\n\n<p class=\"has-medium-font-size\">We chose the banks of the D\u00e3o River in Alcafache as the location for this event, highlighting the natural and cultural heritage that exists here, thus enjoying a unique context that highlights the potential of these locations for cultural events.<br><br>A PrimaFeira \u00e9 uma atividade desenvolvida no \u00e2mbito do nosso projeto <a href=\"https:\/\/www.ruralis.org\/en\/eco-rede-do-dao\/\">Eco Rede do D\u00e3<\/a>with the mission of strengthening regenerative development and protecting the natural heritage in the D\u00e3o river basin.<br><\/p>\n\n\n\n<p class=\"has-text-align-center has-medium-font-size\">~~~~~~<\/p>\n\n\n\n<p class=\"has-medium-font-size\"><strong><a href=\"http:\/\/www.ruralis.org\/en\/informacao-para-participantes-primafeira-2023\/\" data-type=\"page\" data-id=\"631\">INFORMATION for participants and partners.<\/a><\/strong><\/p>\n\n\n\n<p class=\"has-medium-font-size\"><br><\/p>\n\n\n\n<p class=\"has-medium-font-size\"><\/p>\n\n\n\n<p><\/p>\n\n\n\n<p><\/p>","protected":false},"excerpt":{"rendered":"<p>Estamos muito entusiasmados para ter a oportunidade de organizar a segunda edi\u00e7\u00e3o da PrimaFeira. Recordando a experi\u00eancia positiva da edi\u00e7\u00e3o de 2023, esperamos mais um dia memor\u00e1vel nas margens do&hellip;<\/p>","protected":false},"author":2,"featured_media":828,"comment_status":"open","ping_status":"open","sticky":false,"template":"","format":"standard","meta":{"footnotes":""},"categories":[13,6,11],"tags":[],"class_list":["post-1105","post","type-post","status-publish","format-standard","has-post-thumbnail","hentry","category-agroecology","category-eco-regiao-do-dao","category-educacao-ambiental"],"_links":{"self":[{"href":"http:\/\/www.ruralis.org\/en\/wp-json\/wp\/v2\/posts\/1105","targetHints":{"allow":["GET"]}}],"collection":[{"href":"http:\/\/www.ruralis.org\/en\/wp-json\/wp\/v2\/posts"}],"about":[{"href":"http:\/\/www.ruralis.org\/en\/wp-json\/wp\/v2\/types\/post"}],"author":[{"embeddable":true,"href":"http:\/\/www.ruralis.org\/en\/wp-json\/wp\/v2\/users\/2"}],"replies":[{"embeddable":true,"href":"http:\/\/www.ruralis.org\/en\/wp-json\/wp\/v2\/comments?post=1105"}],"version-history":[{"count":0,"href":"http:\/\/www.ruralis.org\/en\/wp-json\/wp\/v2\/posts\/1105\/revisions"}],"wp:featuredmedia":[{"embeddable":true,"href":"http:\/\/www.ruralis.org\/en\/wp-json\/wp\/v2\/media\/828"}],"wp:attachment":[{"href":"http:\/\/www.ruralis.org\/en\/wp-json\/wp\/v2\/media?parent=1105"}],"wp:term":[{"taxonomy":"category","embeddable":true,"href":"http:\/\/www.ruralis.org\/en\/wp-json\/wp\/v2\/categories?post=1105"},{"taxonomy":"post_tag","embeddable":true,"href":"http:\/\/www.ruralis.org\/en\/wp-json\/wp\/v2\/tags?post=1105"}],"curies":[{"name":"wp","href":"https:\/\/api.w.org\/{rel}","templated":true}]}}